{"id":20366,"date":"2020-11-21T18:12:57","date_gmt":"2020-11-22T00:12:57","guid":{"rendered":"http:\/\/www.zonaroja.com.mx\/?p=20366"},"modified":"2020-11-21T18:13:01","modified_gmt":"2020-11-22T00:13:01","slug":"reportan-a-un-poblador-desaparecido-en-aguas-del-rio-valle-nacional","status":"publish","type":"post","link":"https:\/\/zonaroja.com.mx\/?p=20366","title":{"rendered":"Reportan a un poblador desaparecido en aguas del r\u00edo \u201cValle Nacional\u201d"},"content":{"rendered":"\n<p>Yuridiana Sosa\/Zona Roja.<\/p>\n\n\n\n<p>San Juan Bautista Tuxtepec, Oax., 21 de noviembre de 2020.- Una persona del sexo masculino fue reportada como desaparecida tras caer de una chalupa en las aguas del r\u00edo \u201cValle Nacional\u201d, en jurisdicci\u00f3n del municipio de Santa Mar\u00eda Jacatepec, en la regi\u00f3n Cuenca.<\/p>\n\n\n\n<p>De acuerdo con informaci\u00f3n de TvBus Televisi\u00f3n, autoridades de Protecci\u00f3n Civil de Jacatepec y San Jos\u00e9 Chiltepec reportaron que los elementos de rescate se encuentran en la b\u00fasqueda del hombre identificado como Juan Carlos M\u00e1rquez, quien no logr\u00f3 salir a tiempo del afluente, por lo que fue arrastrado por la corriente.<\/p>\n\n\n\n<p>Las autoridades informaron que la embarcaci\u00f3n iba ocupada por seis personas, de las que cinco lograron salir a tiempo, quienes presuntamente intentaron cruzar el r\u00edo.<\/p>\n\n\n\n<p>Sin embargo, la b\u00fasqueda de la persona desaparecida se complica ante la creciente del afluente por las lluvias constantes que se han registrado en los \u00faltimos d\u00edas en la regi\u00f3n de la Cuenca del Papaloapan.<\/p>\n\n\n\n<p>El reporte del accidente ocurri\u00f3 alrededor de las 14:00 horas y durante las tres horas siguientes se desconoc\u00eda del paradero del sujeto y de la chalupa, a pesar que voluntarios se sumaron a tratar de rescatar al hombre a su paso por la corriente del r\u00edo por el municipio de San Jos\u00e9 Chiltepec.<\/p>\n","protected":false},"excerpt":{"rendered":"<p>Yuridiana Sosa\/Zona Roja. San Juan Bautista Tuxtepec, Oax., 21 de noviembre de 2020.- Una persona&hellip;<\/p>\n","protected":false},"author":2,"featured_media":20367,"comment_status":"closed","ping_status":"open","sticky":false,"template":"","format":"standard","meta":{"_lmt_disableupdate":"","_lmt_disable":"","_jetpack_memberships_contains_paid_content":false,"footnotes":""},"categories":[109,47],"tags":[1514],"class_list":["post-20366","post","type-post","status-publish","format-standard","has-post-thumbnail","hentry","category-minuto-a-minuto","category-zona-gris","tag-santa-maria-jacatepec"],"jetpack_featured_media_url":"https:\/\/zonaroja.com.mx\/wp-content\/uploads\/2020\/11\/Rio-Valle-Nacional-Jacatepec.jpg","jetpack_sharing_enabled":true,"_links":{"self":[{"href":"https:\/\/zonaroja.com.mx\/index.php?rest_route=\/wp\/v2\/posts\/20366","targetHints":{"allow":["GET"]}}],"collection":[{"href":"https:\/\/zonaroja.com.mx\/index.php?rest_route=\/wp\/v2\/posts"}],"about":[{"href":"https:\/\/zonaroja.com.mx\/index.php?rest_route=\/wp\/v2\/types\/post"}],"author":[{"embeddable":true,"href":"https:\/\/zonaroja.com.mx\/index.php?rest_route=\/wp\/v2\/users\/2"}],"replies":[{"embeddable":true,"href":"https:\/\/zonaroja.com.mx\/index.php?rest_route=%2Fwp%2Fv2%2Fcomments&post=20366"}],"version-history":[{"count":1,"href":"https:\/\/zonaroja.com.mx\/index.php?rest_route=\/wp\/v2\/posts\/20366\/revisions"}],"predecessor-version":[{"id":20368,"href":"https:\/\/zonaroja.com.mx\/index.php?rest_route=\/wp\/v2\/posts\/20366\/revisions\/20368"}],"wp:featuredmedia":[{"embeddable":true,"href":"https:\/\/zonaroja.com.mx\/index.php?rest_route=\/wp\/v2\/media\/20367"}],"wp:attachment":[{"href":"https:\/\/zonaroja.com.mx\/index.php?rest_route=%2Fwp%2Fv2%2Fmedia&parent=20366"}],"wp:term":[{"taxonomy":"category","embeddable":true,"href":"https:\/\/zonaroja.com.mx\/index.php?rest_route=%2Fwp%2Fv2%2Fcategories&post=20366"},{"taxonomy":"post_tag","embeddable":true,"href":"https:\/\/zonaroja.com.mx\/index.php?rest_route=%2Fwp%2Fv2%2Ftags&post=20366"}],"curies":[{"name":"wp","href":"https:\/\/api.w.org\/{rel}","templated":true}]}}