{"id":20384,"date":"2020-11-22T07:58:23","date_gmt":"2020-11-22T13:58:23","guid":{"rendered":"http:\/\/www.zonaroja.com.mx\/?p=20384"},"modified":"2020-11-22T07:58:27","modified_gmt":"2020-11-22T13:58:27","slug":"congreso-de-oaxaca-reprueba-impunidad-de-fiscalia-en-violencia-de-genero","status":"publish","type":"post","link":"https:\/\/zonaroja.com.mx\/?p=20384","title":{"rendered":"Congreso de Oaxaca reprueba impunidad de Fiscal\u00eda en violencia de g\u00e9nero"},"content":{"rendered":"\n<p>Yuridiana Sosa\/Zona Roja.<\/p>\n\n\n\n<p>Oaxaca de Ju\u00e1rez, Oax., 22 de noviembre de 2020.- Ante la impunidad que perciben de la Fiscal\u00eda General de Oaxaca para combatir la violencia de g\u00e9nero en Oaxaca, diputados de la 64 Legislatura del Congreso local se posicionaron contra el trabajo que realiza el fiscal Rub\u00e9n Vasconcelos M\u00e9ndez, a quien le demandan trabajar para la aplicaci\u00f3n de justicia.<\/p>\n\n\n\n<p>La diputada Roc\u00edo Machuca Rojas, de Morena, present\u00f3 ante el pleno del Congreso un exhorto al gobernador Alejandro Murat para que de forma inmediata instale una mesa de trabajo con los titulares de lo Fiscal\u00eda General de Oaxaca y la Secretar\u00eda General de Gobierno, para abordar las demandas de justicia por los delitos de violencia de g\u00e9nero.<\/p>\n\n\n\n<p>Durante la sesi\u00f3n ordinaria del mi\u00e9rcoles 18 de noviembre, la legisladora expuso las contradicciones entre lo que dice y realiza el Gobierno del Estado para atender ese problema.<\/p>\n\n\n\n<p>Pues el propio mandatario estatal ha declarado un trabajo para la construcci\u00f3n de la igualdad y la transversalidad de los derechos de las mujeres son necesario e inaplazable, as\u00ed como que no permitir\u00e1 la impunidad, pero no se aplica en la realidad.<\/p>\n\n\n\n<p>Motivo por el que tambi\u00e9n present\u00f3 un exhorto al fiscal de Oaxaca para que de inmediato act\u00fae para localizar a las mujeres desaparecidas. En ese sentido la Machuca Rojas enlisto a por lo menos ocho ni\u00f1as, adolescentes y mujeres j\u00f3venes que no han vuelto a casa y fueron reportadas como desaparecidas en el mes de octubre.<\/p>\n\n\n\n<p>La legisladora cit\u00f3 algunas de las cifras que las asociaciones civiles en defensa de las mujeres han visibilizado en el actual periodo estatal.<\/p>\n\n\n\n<p>Del 1 de diciembre de 2016 a noviembre se han registrado dos mil 299 agresiones a mujeres, de las que 43 por ciento corresponden a desapariciones; de enero a la fecha, se cuentan con 296 reportes de mujeres v\u00edctimas de ese hecho y 86 feminicidios.<\/p>\n\n\n\n<p>ALZAN LA VOZ<\/p>\n\n\n\n<figure class=\"wp-block-embed-twitter wp-block-embed is-type-rich is-provider-twitter\"><div class=\"wp-block-embed__wrapper\">\n<div class=\"twitter-tweet\"><blockquote class=\"twitter-tweet\" data-lang=\"es\"><p lang=\"es\" dir=\"ltr\"><a href=\"https:\/\/twitter.com\/hashtag\/OaxacaGris?src=hash&amp;ref_src=twsrc%5Etfw\">#OaxacaGris<\/a> <br>Hasta diputado del PRI, <a href=\"https:\/\/twitter.com\/Gustavo_DiazS?ref_src=twsrc%5Etfw\">@Gustavo_DiazS<\/a>, critica la ineficacia de la <a href=\"https:\/\/twitter.com\/FISCALIA_GobOax?ref_src=twsrc%5Etfw\">@FISCALIA_GobOax<\/a>: \u201cNo da cuenta de nada, pides informes y pareciera que se ofenden&#8230; creo qu\u00e9 hay que apretar m\u00e1s a la Fiscal\u00eda para que d\u00e9 resultados\u201d, dijo en reciente sesi\u00f3n del <a href=\"https:\/\/twitter.com\/CongresoOaxLXIV?ref_src=twsrc%5Etfw\">@CongresoOaxLXIV<\/a>. <a href=\"https:\/\/t.co\/WKM7hn9aaM\">pic.twitter.com\/WKM7hn9aaM<\/a><\/p>&mdash; Zona Roja Oaxaca (@MexRoja) <a href=\"https:\/\/twitter.com\/MexRoja\/status\/1329810504206860289?ref_src=twsrc%5Etfw\">20 de noviembre de 2020<\/a><\/blockquote><\/div>\n<\/div><\/figure>\n\n\n\n<p>Durante la sesi\u00f3n diputados de las diferentes bancadas respaldaron la propuesta de su compa\u00f1era Roc\u00edo Machuca, y urgieron a las mismas comisiones del Congreso a agilizar los exhortos en materia de violencia de g\u00e9nero.<\/p>\n\n\n\n<p>Entre los legisladores que criticaron el trabajo del Gobierno del Estado en esta materia fue el diputado Gustavo D\u00edaz S\u00e1nchez, del PRI, quien se\u00f1al\u00f3 que es necesario intensificar las leyes y hacer que se haga valer.<\/p>\n\n\n\n<p>\u201cNo puede ser posible que todos los d\u00edas mueren y mueren; las violen y las golpeen. Esta Legislatura hace mucho pero no veo que se est\u00e9 actuando, una cosa es lo que acordamos y otra lo que sucede all\u00e1 fuera en las calles\u201d, expres\u00f3.<\/p>\n\n\n\n<p>D\u00edaz S\u00e1nchez se dirigi\u00f3 de forma especial contra la dependencia que dirige Rub\u00e9n Vasconcelos. \u201cLa Fiscal\u00eda no se da cuenta de nada y pareciera que se ofende cuando les dices que hagan su trabajo\u201d.<\/p>\n\n\n\n<p>Por lo que indic\u00f3 que frente a la realidad que viven las mujeres en Oaxaca es necesaria la defensa de su lucha.<\/p>\n\n\n\n<p>\u201cTenemos que apretar m\u00e1s a la Fiscal\u00eda para que nos d\u00e9 resultados peri\u00f3dicamente. Necesitamos saber d\u00f3nde est\u00e1n nuestras mujeres, no puede ser posible que no den respuesta de nada\u201d, asever\u00f3 el diputado del PRI.<\/p>\n","protected":false},"excerpt":{"rendered":"<p>Yuridiana Sosa\/Zona Roja. Oaxaca de Ju\u00e1rez, Oax., 22 de noviembre de 2020.- Ante la impunidad&hellip;<\/p>\n","protected":false},"author":2,"featured_media":20385,"comment_status":"closed","ping_status":"open","sticky":false,"template":"","format":"standard","meta":{"_lmt_disableupdate":"","_lmt_disable":"","_jetpack_memberships_contains_paid_content":false,"footnotes":""},"categories":[109,47],"tags":[213],"class_list":["post-20384","post","type-post","status-publish","format-standard","has-post-thumbnail","hentry","category-minuto-a-minuto","category-zona-gris","tag-64-legislatura-de-oaxaca"],"jetpack_featured_media_url":"https:\/\/zonaroja.com.mx\/wp-content\/uploads\/2020\/11\/Sesion-Congreso-del-Estado.jpg","jetpack_sharing_enabled":true,"_links":{"self":[{"href":"https:\/\/zonaroja.com.mx\/index.php?rest_route=\/wp\/v2\/posts\/20384","targetHints":{"allow":["GET"]}}],"collection":[{"href":"https:\/\/zonaroja.com.mx\/index.php?rest_route=\/wp\/v2\/posts"}],"about":[{"href":"https:\/\/zonaroja.com.mx\/index.php?rest_route=\/wp\/v2\/types\/post"}],"author":[{"embeddable":true,"href":"https:\/\/zonaroja.com.mx\/index.php?rest_route=\/wp\/v2\/users\/2"}],"replies":[{"embeddable":true,"href":"https:\/\/zonaroja.com.mx\/index.php?rest_route=%2Fwp%2Fv2%2Fcomments&post=20384"}],"version-history":[{"count":1,"href":"https:\/\/zonaroja.com.mx\/index.php?rest_route=\/wp\/v2\/posts\/20384\/revisions"}],"predecessor-version":[{"id":20386,"href":"https:\/\/zonaroja.com.mx\/index.php?rest_route=\/wp\/v2\/posts\/20384\/revisions\/20386"}],"wp:featuredmedia":[{"embeddable":true,"href":"https:\/\/zonaroja.com.mx\/index.php?rest_route=\/wp\/v2\/media\/20385"}],"wp:attachment":[{"href":"https:\/\/zonaroja.com.mx\/index.php?rest_route=%2Fwp%2Fv2%2Fmedia&parent=20384"}],"wp:term":[{"taxonomy":"category","embeddable":true,"href":"https:\/\/zonaroja.com.mx\/index.php?rest_route=%2Fwp%2Fv2%2Fcategories&post=20384"},{"taxonomy":"post_tag","embeddable":true,"href":"https:\/\/zonaroja.com.mx\/index.php?rest_route=%2Fwp%2Fv2%2Ftags&post=20384"}],"curies":[{"name":"wp","href":"https:\/\/api.w.org\/{rel}","templated":true}]}}