{"id":20390,"date":"2020-11-22T13:00:09","date_gmt":"2020-11-22T19:00:09","guid":{"rendered":"http:\/\/www.zonaroja.com.mx\/?p=20390"},"modified":"2020-11-22T13:00:16","modified_gmt":"2020-11-22T19:00:16","slug":"a-cuatro-anos-de-promesas-de-edil-lopez-jarquin-sigue-en-olvido-colonia-de-xoxocotlan","status":"publish","type":"post","link":"https:\/\/zonaroja.com.mx\/?p=20390","title":{"rendered":"A cuatro a\u00f1os de promesas de edil L\u00f3pez Jarqu\u00edn, sigue en olvido colonia de Xoxocotl\u00e1n"},"content":{"rendered":"\n<p>Redacci\u00f3n\/Zona Roja.<\/p>\n\n\n\n<p>Oaxaca de Ju\u00e1rez, Oax., 22 de noviembre de 2020.- A cuatro a\u00f1os de gobierno municipal y dos de nuevas promesas, el edil de Santa Cruz Xoxocotl\u00e1n, Alejandro L\u00f3pez Jarqu\u00edn, mantiene en el olvido al paraje \u201cEl Sabino\u201d.<\/p>\n\n\n\n<p>As\u00ed lo denunciaron los vecinos, quienes dieron a conocer que a 16 a\u00f1os de conformaci\u00f3n, hasta el momento no cuenta con los servicios b\u00e1sicos elementales.<\/p>\n\n\n\n<p>Asimismo, le recordaron al presidente municipal surgido del Partido de la Revoluci\u00f3n Democr\u00e1tica, que cumpla con los compromisos que hicieron en tiempos de campa\u00f1a pol\u00edtica.<\/p>\n\n\n\n<p>Enrique Armando Calvo D\u00edaz, presidente del asentamiento, explic\u00f3 que desde hace varias administraciones municipales presentaron la solicitud de reconocimiento de su colonia y cuando inici\u00f3 el periodo de L\u00f3pez Jarqu\u00edn, les dijeron que no hab\u00eda expediente al respecto.<\/p>\n\n\n\n<p>Por lo tanto, iniciaron los tr\u00e1mites de nueva cuenta, pese a que en el comit\u00e9 se cuenta con los documentos que se han entregado a lo largo del tiempo, ahora les dicen que no recuerdan la solicitud.<\/p>\n\n\n\n<p>\u201cLos documentos los hemos presentado ante la Direcci\u00f3n de Desarrollo Urbano y Obras P\u00fablicas, donde la \u00faltima vez nos dijeron que no tienen expediente alguno del paraje, deslind\u00e1ndose de obligaciones cuando desde hace 16 a\u00f1os los 45 lotes hacemos pago de derechos\u201d, dijo el presidente del paraje.<\/p>\n\n\n\n<p>Precis\u00f3 que hace m\u00e1s de tres a\u00f1os realizaron acciones para la incorporaci\u00f3n de las 45 familias a la colonia Noche Buena, en donde se permaneci\u00f3 durante tres a\u00f1os pagando cuotas y realizando tequios, logr\u00e1ndose la ampliaci\u00f3n de la red de agua potable y drenaje a una parte del paraje con la participaci\u00f3n econ\u00f3mica de los vecinos y del municipio, lo cual se agradeci\u00f3 en su momento al presidente de la colonia.<\/p>\n\n\n\n<p>Agreg\u00f3 que los a\u00f1os trascurrieron y al no haber m\u00e1s avances con las promesas que hizo en campa\u00f1a el presidente Alejandro L\u00f3pez Jarqu\u00edn, y que adem\u00e1s son su deber como autoridad, respecto a la introducci\u00f3n de la red de drenaje y la pavimentaci\u00f3n de las tres calles faltantes en toda esta zona, se investig\u00f3 por qu\u00e9 siempre era el mismo martirio al momento de hacer una petici\u00f3n, encontrando que legalmente el paraje no es parte de la colonia Noche Buena, por lo tanto, no proced\u00eda en la priorizaci\u00f3n de obras de cada a\u00f1o.<\/p>\n\n\n\n<p>Abund\u00f3 que, por la situaci\u00f3n anterior, se decidi\u00f3 crear un comit\u00e9 vecinal independiente e iniciar un acercamiento con el presidente municipal, con lo que se logr\u00f3 una reuni\u00f3n del comit\u00e9 con el director de Servicios Municipales, Diego Vela y con el Regidor de Colonias, que en su momento dieron respuesta positiva de querer trabajar, pero ahora dicen que \u201cno recuerdan el tema\u201d.<\/p>\n\n\n\n<p>Enrique Armando Calvo agreg\u00f3 que hay muchos problemas en el paraje pues, aunque se paga el servicio de agua potable, el suministro de un d\u00eda a la semana por ciertas horas no se cumple a cabalidad recurriendo las familias a la compra de pipas; tampoco se avanza en el tema de pavimentaci\u00f3n a pesar de tener un tr\u00e1fico constante por la existencia de escuelas de nivel b\u00e1sico como el Colegio Vista del Valle y superior como el CIIDIR, la Normal Superior y una Universidad privada.<\/p>\n\n\n\n<p>Demand\u00f3 al edil de origen perredista, Alejandro L\u00f3pez Jarqu\u00edn, una cita para audiencia con representantes del paraje y escuche directamente las peticiones, y esta vez no sea a trav\u00e9s de terceros que evaden responsabilidades.<\/p>\n","protected":false},"excerpt":{"rendered":"<p>Redacci\u00f3n\/Zona Roja. Oaxaca de Ju\u00e1rez, Oax., 22 de noviembre de 2020.- A cuatro a\u00f1os de&hellip;<\/p>\n","protected":false},"author":2,"featured_media":20391,"comment_status":"closed","ping_status":"open","sticky":false,"template":"","format":"standard","meta":{"_lmt_disableupdate":"","_lmt_disable":"","_jetpack_memberships_contains_paid_content":false,"footnotes":""},"categories":[109,47],"tags":[133],"class_list":["post-20390","post","type-post","status-publish","format-standard","has-post-thumbnail","hentry","category-minuto-a-minuto","category-zona-gris","tag-santa-cruz-xoxocotlan"],"jetpack_featured_media_url":"https:\/\/zonaroja.com.mx\/wp-content\/uploads\/2020\/11\/Colonia-Xoxocotlan.jpg","jetpack_sharing_enabled":true,"_links":{"self":[{"href":"https:\/\/zonaroja.com.mx\/index.php?rest_route=\/wp\/v2\/posts\/20390","targetHints":{"allow":["GET"]}}],"collection":[{"href":"https:\/\/zonaroja.com.mx\/index.php?rest_route=\/wp\/v2\/posts"}],"about":[{"href":"https:\/\/zonaroja.com.mx\/index.php?rest_route=\/wp\/v2\/types\/post"}],"author":[{"embeddable":true,"href":"https:\/\/zonaroja.com.mx\/index.php?rest_route=\/wp\/v2\/users\/2"}],"replies":[{"embeddable":true,"href":"https:\/\/zonaroja.com.mx\/index.php?rest_route=%2Fwp%2Fv2%2Fcomments&post=20390"}],"version-history":[{"count":1,"href":"https:\/\/zonaroja.com.mx\/index.php?rest_route=\/wp\/v2\/posts\/20390\/revisions"}],"predecessor-version":[{"id":20392,"href":"https:\/\/zonaroja.com.mx\/index.php?rest_route=\/wp\/v2\/posts\/20390\/revisions\/20392"}],"wp:featuredmedia":[{"embeddable":true,"href":"https:\/\/zonaroja.com.mx\/index.php?rest_route=\/wp\/v2\/media\/20391"}],"wp:attachment":[{"href":"https:\/\/zonaroja.com.mx\/index.php?rest_route=%2Fwp%2Fv2%2Fmedia&parent=20390"}],"wp:term":[{"taxonomy":"category","embeddable":true,"href":"https:\/\/zonaroja.com.mx\/index.php?rest_route=%2Fwp%2Fv2%2Fcategories&post=20390"},{"taxonomy":"post_tag","embeddable":true,"href":"https:\/\/zonaroja.com.mx\/index.php?rest_route=%2Fwp%2Fv2%2Ftags&post=20390"}],"curies":[{"name":"wp","href":"https:\/\/api.w.org\/{rel}","templated":true}]}}