{"id":20393,"date":"2020-11-22T13:55:13","date_gmt":"2020-11-22T19:55:13","guid":{"rendered":"http:\/\/www.zonaroja.com.mx\/?p=20393"},"modified":"2020-11-22T13:55:17","modified_gmt":"2020-11-22T19:55:17","slug":"con-excusa-de-pandemia-mantienen-preso-a-militante-del-codedi","status":"publish","type":"post","link":"https:\/\/zonaroja.com.mx\/?p=20393","title":{"rendered":"Con excusa de pandemia, mantienen preso a militante del Codedi"},"content":{"rendered":"\n<p>Redacci\u00f3n\/Zona Roja.<\/p>\n\n\n\n<p>Oaxaca de Ju\u00e1rez, Oax., 22 de noviembre de 2020.- Bajo el pretexto de la pandemia, autoridades de procuraci\u00f3n y administraci\u00f3n de justicia de Oaxaca mantienen por m\u00e1s de un a\u00f1o en la c\u00e1rcel el militante del Codedi, Fredy Garc\u00eda Ram\u00edrez.<\/p>\n\n\n\n<p>Organismos civiles locales, nacionales e internacionales denunciaron lo anterior, al asegurar que \u00ab&#8230;El proceso penal en contra de Fredy Garc\u00eda ha estado copado de irregularidades incluyendo violaciones al debido proceso.<\/p>\n\n\n\n<p>\u201cPese a que la ley mexicana en el Art\u00edculo 20 de la constituci\u00f3n, establece que los plazos para ser juzgado no deben prolongarse m\u00e1s all\u00e1 de un a\u00f1o. Fredy Garc\u00eda cumpli\u00f3 un a\u00f1o en detenci\u00f3n, el 6 de noviembre de 2020.<\/p>\n\n\n\n<p>\u201cEl 20 de octubre se cerr\u00f3 el plazo de la investigaci\u00f3n, sin que se haya se\u00f1alado fecha para llevar a cabo la audiencia intermedia. Las instancias judiciales se han excusado en la pandemia del Covid-19 para dar prorroga al proceso de Fredy, quien est\u00e1 siendo pr\u00e1cticamente obligado a purgar una pena anticipada por un delito que no cometi\u00f3 y del cual no se ha dictado una sentencia\u201d, aseguran en un comunicado.<\/p>\n\n\n\n<p>Se\u00f1alan que el activista del Comit\u00e9 de Defensa de Derechos Ind\u00edgenas (Codedi) no solo est\u00e1 privado de su libertad, sino que contin\u00faa siendo objeto de graves violaciones a los derechos humanos en prisi\u00f3n.<\/p>\n\n\n\n<p>\u201cEl 10 de julio de 2020, el defensor fue severamente golpeado y amenazado por un grupo de custodios del reclusorio de Tanivet en Tlacolula, Oaxaca. \u201cPosteriormente, fue trasladado a un \u00e1rea aislada del penitenciario, donde continu\u00f3 recibiendo golpes por parte de los custodios, quienes lo amenazaron para que se abstuviera de hacer denuncias.<\/p>\n\n\n\n<p>\u201cDespu\u00e9s de dos d\u00edas de aislamiento fue trasladado a una celda en un pabell\u00f3n diferente, en el que tuvo restricciones telef\u00f3nicas limitadas a tres minutos y con \u00e1reas de trabajo prolongado bajo el sol\u00bb, se\u00f1alaron, al demandar a la Fiscal\u00eda General de Justicia y al Tribunal Superior de Justicia agilizar los procesos.<\/p>\n","protected":false},"excerpt":{"rendered":"<p>Redacci\u00f3n\/Zona Roja. Oaxaca de Ju\u00e1rez, Oax., 22 de noviembre de 2020.- Bajo el pretexto de&hellip;<\/p>\n","protected":false},"author":2,"featured_media":5693,"comment_status":"closed","ping_status":"open","sticky":false,"template":"","format":"standard","meta":{"_lmt_disableupdate":"","_lmt_disable":"","_jetpack_memberships_contains_paid_content":false,"footnotes":""},"categories":[109,47],"tags":[971],"class_list":["post-20393","post","type-post","status-publish","format-standard","has-post-thumbnail","hentry","category-minuto-a-minuto","category-zona-gris","tag-fredy-garcia-ramirez"],"jetpack_featured_media_url":"https:\/\/zonaroja.com.mx\/wp-content\/uploads\/2019\/11\/Fredy-Garc\u00eda-R..jpg","jetpack_sharing_enabled":true,"_links":{"self":[{"href":"https:\/\/zonaroja.com.mx\/index.php?rest_route=\/wp\/v2\/posts\/20393","targetHints":{"allow":["GET"]}}],"collection":[{"href":"https:\/\/zonaroja.com.mx\/index.php?rest_route=\/wp\/v2\/posts"}],"about":[{"href":"https:\/\/zonaroja.com.mx\/index.php?rest_route=\/wp\/v2\/types\/post"}],"author":[{"embeddable":true,"href":"https:\/\/zonaroja.com.mx\/index.php?rest_route=\/wp\/v2\/users\/2"}],"replies":[{"embeddable":true,"href":"https:\/\/zonaroja.com.mx\/index.php?rest_route=%2Fwp%2Fv2%2Fcomments&post=20393"}],"version-history":[{"count":1,"href":"https:\/\/zonaroja.com.mx\/index.php?rest_route=\/wp\/v2\/posts\/20393\/revisions"}],"predecessor-version":[{"id":20394,"href":"https:\/\/zonaroja.com.mx\/index.php?rest_route=\/wp\/v2\/posts\/20393\/revisions\/20394"}],"wp:featuredmedia":[{"embeddable":true,"href":"https:\/\/zonaroja.com.mx\/index.php?rest_route=\/wp\/v2\/media\/5693"}],"wp:attachment":[{"href":"https:\/\/zonaroja.com.mx\/index.php?rest_route=%2Fwp%2Fv2%2Fmedia&parent=20393"}],"wp:term":[{"taxonomy":"category","embeddable":true,"href":"https:\/\/zonaroja.com.mx\/index.php?rest_route=%2Fwp%2Fv2%2Fcategories&post=20393"},{"taxonomy":"post_tag","embeddable":true,"href":"https:\/\/zonaroja.com.mx\/index.php?rest_route=%2Fwp%2Fv2%2Ftags&post=20393"}],"curies":[{"name":"wp","href":"https:\/\/api.w.org\/{rel}","templated":true}]}}