{"id":20398,"date":"2020-11-22T18:06:39","date_gmt":"2020-11-23T00:06:39","guid":{"rendered":"http:\/\/www.zonaroja.com.mx\/?p=20398"},"modified":"2020-11-22T18:08:48","modified_gmt":"2020-11-23T00:08:48","slug":"en-el-mundo-665-mil-668-casos-de-covid-19-en-solo-24-horas","status":"publish","type":"post","link":"https:\/\/zonaroja.com.mx\/?p=20398","title":{"rendered":"En el mundo, 665 mil 668 casos de Covid-19 en s\u00f3lo 24 horas"},"content":{"rendered":"\n<p>Redacci\u00f3n\/Zona Roja Cdmx.<\/p>\n\n\n\n<p>Ciudad de M\u00e9xico, 22 de noviembre de 2020.- La pandemia por Covid-19 acumula al menos un mill\u00f3n 378 mil muertos y m\u00e1s de 57 millones de casos en todo el mundo, tras sumar en las pasadas 24 horas m\u00e1s de 665 mil contagios, marcando nuevo r\u00e9cord por segundo d\u00eda consecutivo.<\/p>\n\n\n\n<p>En el orbe, ayer se registraron 665 mil 668 casos nuevos, muy por encima de los 650 mil del viernes, marca previa, de acuerdo con el conteo de la Universidad Johns Hopkins.<\/p>\n\n\n\n<p>Estados Unidos ha registrado en los d\u00edas recientes los peores datos de casos de toda la pandemia y ayer no fue la excepci\u00f3n, al registrar un r\u00e9cord de contagios con m\u00e1s de 195 mil positivos en 24 horas, con lo que eleva el total de contagios a 12 millones.<\/p>\n\n\n\n<p>Las v\u00edctimas mortales por el Covid-19 en suelo estadunidense se elevan a 254 mil 424.<\/p>\n\n\n\n<p>El gobierno espa\u00f1ol descart\u00f3 hacer obligatoria la vacuna contra el Covid-19, que prev\u00e9 empezar a administrar en enero, mientras en la ciudad de Burgos, las autoridades iniciaron pruebas masivas para tratar de contener el virus.<\/p>\n\n\n\n<p>Cientos de agricultores y criadores de visones protestaron en Copenhague contra la decisi\u00f3n del gobierno de sacrificar a alrededor de 15 millones de estos animales para luchar contra una mutaci\u00f3n problem\u00e1tica del nuevo virus.<\/p>\n\n\n\n<p>M\u00e1s de 500 tractores decorados con banderas danesas atravesaron la capital, pasando sobre todo por la sede del gobierno y del parlamento de Christiansborg, antes de reagruparse en el puerto, constat\u00f3 una periodista de la Afp.<\/p>\n\n\n\n<p>Italia, que se acerca a las 50 mil muertes por Covid-19, iniciar\u00e1 a finales de enero una campa\u00f1a de vacunaci\u00f3n sin precedentes, comenzando por los grupos de poblaci\u00f3n m\u00e1s vulnerables, anunci\u00f3 el ministro italiano de Sanidad, Roberto Speranza.<\/p>\n\n\n\n<p>Portugal prohibir\u00e1 los viajes nacionales y cerrar\u00e1 las escuelas previo a los periodos vacacionales en un intento por detener la propagaci\u00f3n del coronavirus antes de Navidad.<\/p>\n\n\n\n<p>Rusia registr\u00f3 un r\u00e9cord de contagios y decesos diarios por coronavirus, dos d\u00edas despu\u00e9s de haber superado los dos millones de enfermos.<\/p>\n\n\n\n<p>China comenz\u00f3 a realizar pruebas de coronavirus a tres millones de residentes en la localidad de Binha tras constatar la aparici\u00f3n de un posible brote luego de un s\u00fabito repunte de contagios en los d\u00edas pasados.<\/p>\n\n\n\n<p>Corea del Sur y Jap\u00f3n contemplan imponer medidas de distanciamiento social m\u00e1s estrictas luego de aliviarlas para impulsar la econom\u00eda.<\/p>\n\n\n\n<p>India registr\u00f3 46 mil 232 nuevos contagios en el pa\u00eds, por lo que el balance total de casos suma 9 millones 50 mil 598.<\/p>\n\n\n\n<p>Ir\u00e1n anunci\u00f3 el cierre de los comercios no esenciales en la mayor\u00eda de las ciudades, por al menos dos semanas, como parte de una serie de medidas restrictivas para luchar contra la pandemia.<\/p>\n\n\n\n<p>Colombia super\u00f3 35 mil muertes por coronavirus tras registrar en las pasadas 24 horas otros 175 fallecimientos, que sit\u00faan en 35 mil 104 el n\u00famero total de decesos causados por la enfermedad.<\/p>\n\n\n\n<p>Am\u00e9rica Latina y el Caribe, la regi\u00f3n m\u00e1s golpeada, suma 430 mil 584 fallecidos y 12.2 millones contagios.<\/p>\n\n\n\n<p>(Informaci\u00f3n de \u00abLa Jornada\u00bb y agencias internacionales)<\/p>\n","protected":false},"excerpt":{"rendered":"<p>Redacci\u00f3n\/Zona Roja Cdmx. Ciudad de M\u00e9xico, 22 de noviembre de 2020.- La pandemia por Covid-19&hellip;<\/p>\n","protected":false},"author":2,"featured_media":16128,"comment_status":"closed","ping_status":"open","sticky":false,"template":"","format":"standard","meta":{"_lmt_disableupdate":"","_lmt_disable":"","_jetpack_memberships_contains_paid_content":false,"footnotes":""},"categories":[109,47],"tags":[1510],"class_list":["post-20398","post","type-post","status-publish","format-standard","has-post-thumbnail","hentry","category-minuto-a-minuto","category-zona-gris","tag-coronavirus-pandemia-global"],"jetpack_featured_media_url":"https:\/\/zonaroja.com.mx\/wp-content\/uploads\/2020\/08\/vacuna-covid-19.jpg","jetpack_sharing_enabled":true,"_links":{"self":[{"href":"https:\/\/zonaroja.com.mx\/index.php?rest_route=\/wp\/v2\/posts\/20398","targetHints":{"allow":["GET"]}}],"collection":[{"href":"https:\/\/zonaroja.com.mx\/index.php?rest_route=\/wp\/v2\/posts"}],"about":[{"href":"https:\/\/zonaroja.com.mx\/index.php?rest_route=\/wp\/v2\/types\/post"}],"author":[{"embeddable":true,"href":"https:\/\/zonaroja.com.mx\/index.php?rest_route=\/wp\/v2\/users\/2"}],"replies":[{"embeddable":true,"href":"https:\/\/zonaroja.com.mx\/index.php?rest_route=%2Fwp%2Fv2%2Fcomments&post=20398"}],"version-history":[{"count":2,"href":"https:\/\/zonaroja.com.mx\/index.php?rest_route=\/wp\/v2\/posts\/20398\/revisions"}],"predecessor-version":[{"id":20400,"href":"https:\/\/zonaroja.com.mx\/index.php?rest_route=\/wp\/v2\/posts\/20398\/revisions\/20400"}],"wp:featuredmedia":[{"embeddable":true,"href":"https:\/\/zonaroja.com.mx\/index.php?rest_route=\/wp\/v2\/media\/16128"}],"wp:attachment":[{"href":"https:\/\/zonaroja.com.mx\/index.php?rest_route=%2Fwp%2Fv2%2Fmedia&parent=20398"}],"wp:term":[{"taxonomy":"category","embeddable":true,"href":"https:\/\/zonaroja.com.mx\/index.php?rest_route=%2Fwp%2Fv2%2Fcategories&post=20398"},{"taxonomy":"post_tag","embeddable":true,"href":"https:\/\/zonaroja.com.mx\/index.php?rest_route=%2Fwp%2Fv2%2Ftags&post=20398"}],"curies":[{"name":"wp","href":"https:\/\/api.w.org\/{rel}","templated":true}]}}