{"id":20409,"date":"2020-11-22T21:34:09","date_gmt":"2020-11-23T03:34:09","guid":{"rendered":"http:\/\/www.zonaroja.com.mx\/?p=20409"},"modified":"2020-11-22T21:34:12","modified_gmt":"2020-11-23T03:34:12","slug":"llama-gobierno-de-oaxaca-a-permitir-apertura-de-restaurantes-asi-sea-en-la-calle","status":"publish","type":"post","link":"https:\/\/zonaroja.com.mx\/?p=20409","title":{"rendered":"Llama gobierno de Oaxaca a permitir apertura de restaurantes, as\u00ed sea en la calle"},"content":{"rendered":"\n<p>Redacci\u00f3n\/Zona Roja.<\/p>\n\n\n\n<p>Oaxaca de Ju\u00e1rez, Oax. 22 de noviembre de 2020.- Sin el pretexto de que se requiere reactivar la econom\u00eda y con el argumento de que los contagios por Covid-19 son m\u00e1s riesgosos en espacios cerrados, el gobierno de Oaxaca llam\u00f3 a ediles a permitir la apertura de restaurantes en espacios abiertos.<\/p>\n\n\n\n<p>A trav\u00e9s de un video, el gobernador Alejandro Murat Hinojosa, invit\u00f3 a las autoridades municipales del estado a brindar las facilidades a las empresarias y empresarios restauranteros \u201cpara que puedan instalarse en lugares abiertos como espacios p\u00fablicos, terrazas y calles que se puedan cerrar y ofrecer sus servicios\u201d.<\/p>\n\n\n\n<p>\u201cCuando t\u00fa entras a un cuarto cerrado y alguien est\u00e1 fumando, no importa la distancia que t\u00fa tengas, te va a llegar este humo, entonces, si esa persona que se encuentra a cuatro o cinco metros est\u00e1 hablando, y t\u00fa te quitas el cubrebocas para poder consumir el alimento, pues eso va a suceder.<\/p>\n\n\n\n<p>\u201cLas mismas part\u00edculas que se encuentran suspendidas en el aire las vas a respirar y te puedes contagiar\u201d, explic\u00f3 a su vez el subsecretario de Salud, Juan Carlos M\u00e1rquez Heine.<\/p>\n\n\n\n<p>En tanto, en un comunicado, la dependencia Servicios de Salud de Oaxaca (SSO) inform\u00f3 que se tienen registrados este 22 de noviembre, 64 nuevos casos de Covid-19, que suman 23 mil 589 acumulados en la entidad.<\/p>\n\n\n\n<p>De acuerdo con el titular de la instituci\u00f3n, Donato Casas Escamilla, se han notificado 37 mil 286 casos, de los cuales 10 mil 229 ha sido negativos, tres mil 468 son sospechosos, 21 mil 168 se han recuperado; y se registra un deceso que suman mil 855 defunciones.<\/p>\n\n\n\n<p>Indic\u00f3 que la Jurisdicci\u00f3n Sanitaria n\u00famero uno Valles Centrales contabiliza 15 mil 775 casos confirmados y 922 defunciones, Istmo dos mil 285 y 318 fallecimientos, Tuxtepec mil 864 y 270 muertes, Mixteca mil 741 y 161 p\u00e9rdidas humanas, Costa mil 211 y 118 defunciones, y la Sierra 713 y 66 fallecimientos.<\/p>\n\n\n\n<p>Sostuvo que los 64 casos nuevos de COVID-19 se distribuyen en 24 municipios, siendo los que mayor n\u00famero de casos presentan: Oaxaca de Ju\u00e1rez con 20, Santa Mar\u00eda Huatulco siete, Santa Cruz Xoxocotl\u00e1n, Santa Luc\u00eda del Camino y San Sebasti\u00e1n Tutla cinco cada uno, el resto dos y un solo caso.<\/p>\n\n\n\n<p>Se\u00f1al\u00f3 que hay 576 casos activos, de los cuales la Jurisdicci\u00f3n Sanitaria n\u00famero uno Valles Centrales registra 478, Sierra 32, Mixteca 31, Costa 26, Istmo seis y Tuxtepec tres.<\/p>\n\n\n\n<p>Adem\u00e1s, dijo que hay una ocupaci\u00f3n hospitalaria global para la atenci\u00f3n de pacientes con Covid-19 del 33.8%, de los cuales el 39.4 es sin ventilador y el 24.2% de camas con ventilador.<\/p>\n\n\n\n<p>El titular de los SSO exhort\u00f3 a la poblaci\u00f3n que ante cualquier s\u00edntoma relacionado al virus SARS-CoV-2 y que pertenezcan a grupos de riesgo como diab\u00e9ticos, hipertensos o con obesidad e insuficiencia renal, acudan de manera inmediata al m\u00e9dico, para recibir una atenci\u00f3n oportuna y evitar complicaciones.<\/p>\n\n\n\n<p>Finalmente, recalc\u00f3 la importancia de seguir con las medidas sanitarias, como el uso de cubrebocas en espacios p\u00fablicos y cerrados, aplicar la sana distancia, y lavarse las manos con agua y jab\u00f3n, y si es posible quedarse en casa.<\/p>\n","protected":false},"excerpt":{"rendered":"<p>Redacci\u00f3n\/Zona Roja. Oaxaca de Ju\u00e1rez, Oax. 22 de noviembre de 2020.- Sin el pretexto de&hellip;<\/p>\n","protected":false},"author":2,"featured_media":20410,"comment_status":"closed","ping_status":"open","sticky":false,"template":"","format":"standard","meta":{"_lmt_disableupdate":"","_lmt_disable":"","_jetpack_memberships_contains_paid_content":false,"footnotes":""},"categories":[109,47],"tags":[1512],"class_list":["post-20409","post","type-post","status-publish","format-standard","has-post-thumbnail","hentry","category-minuto-a-minuto","category-zona-gris","tag-coronavirus-oaxaca"],"jetpack_featured_media_url":"https:\/\/zonaroja.com.mx\/wp-content\/uploads\/2020\/11\/GRAFICA-SSO-01-6.jpeg","jetpack_sharing_enabled":true,"_links":{"self":[{"href":"https:\/\/zonaroja.com.mx\/index.php?rest_route=\/wp\/v2\/posts\/20409","targetHints":{"allow":["GET"]}}],"collection":[{"href":"https:\/\/zonaroja.com.mx\/index.php?rest_route=\/wp\/v2\/posts"}],"about":[{"href":"https:\/\/zonaroja.com.mx\/index.php?rest_route=\/wp\/v2\/types\/post"}],"author":[{"embeddable":true,"href":"https:\/\/zonaroja.com.mx\/index.php?rest_route=\/wp\/v2\/users\/2"}],"replies":[{"embeddable":true,"href":"https:\/\/zonaroja.com.mx\/index.php?rest_route=%2Fwp%2Fv2%2Fcomments&post=20409"}],"version-history":[{"count":1,"href":"https:\/\/zonaroja.com.mx\/index.php?rest_route=\/wp\/v2\/posts\/20409\/revisions"}],"predecessor-version":[{"id":20411,"href":"https:\/\/zonaroja.com.mx\/index.php?rest_route=\/wp\/v2\/posts\/20409\/revisions\/20411"}],"wp:featuredmedia":[{"embeddable":true,"href":"https:\/\/zonaroja.com.mx\/index.php?rest_route=\/wp\/v2\/media\/20410"}],"wp:attachment":[{"href":"https:\/\/zonaroja.com.mx\/index.php?rest_route=%2Fwp%2Fv2%2Fmedia&parent=20409"}],"wp:term":[{"taxonomy":"category","embeddable":true,"href":"https:\/\/zonaroja.com.mx\/index.php?rest_route=%2Fwp%2Fv2%2Fcategories&post=20409"},{"taxonomy":"post_tag","embeddable":true,"href":"https:\/\/zonaroja.com.mx\/index.php?rest_route=%2Fwp%2Fv2%2Ftags&post=20409"}],"curies":[{"name":"wp","href":"https:\/\/api.w.org\/{rel}","templated":true}]}}