{"id":2041,"date":"2019-07-05T14:52:30","date_gmt":"2019-07-05T19:52:30","guid":{"rendered":"http:\/\/www.zonaroja.com.mx\/?p=2041"},"modified":"2019-07-05T14:52:32","modified_gmt":"2019-07-05T19:52:32","slug":"intensifica-steuabjo-protesta-es-tema-de-autonomia-universitaria-murat","status":"publish","type":"post","link":"https:\/\/zonaroja.com.mx\/?p=2041","title":{"rendered":"Intensifica STEUABJO protesta; es tema de autonom\u00eda universitaria: Murat"},"content":{"rendered":"\n<p>Ismael\nGarc\u00eda M.<\/p>\n\n\n\n<p>Oaxaca de\nJu\u00e1rez, Oax., 5 de julio de 2019.- \u201cEs tema de autonom\u00eda universitaria\u201d,\nrespondi\u00f3 escueto el gobernador Alejandro Murat Hinojosa al cuestionarle sobre\nla demanda de bono del Sindicato de Trabajadores y Empleados de la Universidad\nAut\u00f3noma \u201cBenito Ju\u00e1rez\u201d de Oaxaca (STEUABJO).<\/p>\n\n\n\n<p>Sin embargo,\nel gremio, que aglutina a unos mil 400 empleados, precis\u00f3 desde hace tres d\u00edas\nen que inici\u00f3 sus movilizaciones, que el Gobierno del Estado, a trav\u00e9s de la\nSecretar\u00eda General de Gobierno, no ha cumplido con el bono de no actuaci\u00f3n que\nles prometi\u00f3 desde inicios del a\u00f1o y que debi\u00f3 ser pagado el 15 de junio.<\/p>\n\n\n\n<p>El Ejecutivo\nestatal fue entrevistado en el Centro de Convenciones de Oaxaca, en Santa Mar\u00eda\nIxcotel, tras acudir a dos actividades, en que afirm\u00f3 que el di\u00e1logo es la base\nde su gobierno para atender las demandas sociales; no obstante, no puntualiz\u00f3\nm\u00e1s respecto al tema de los sindicalizados.<\/p>\n\n\n\n<p>Los integrantes del STEUABJO iniciaron sus protestas el mi\u00e9rcoles, con el cierre temporal de la avenida Universidad; ayer pararon labores en la Universidad Aut\u00f3noma \u201cBenito Ju\u00e1rez\u201d por 12 horas, aunque despu\u00e9s de las cuatro de la tarde ya hab\u00eda retirado sus movilizaciones.<\/p>\n\n\n\n<figure class=\"wp-block-embed-twitter wp-block-embed is-type-rich is-provider-twitter\"><div class=\"wp-block-embed__wrapper\">\n<div class=\"twitter-tweet\"><blockquote class=\"twitter-tweet\" data-lang=\"es\"><p lang=\"es\" dir=\"ltr\"><a href=\"https:\/\/twitter.com\/hashtag\/OaxacaGris?src=hash&amp;ref_src=twsrc%5Etfw\">#OaxacaGris<\/a><br>Por tercer d\u00eda, afiliados al STEUABJO protestan en la capital de <a href=\"https:\/\/twitter.com\/hashtag\/Oaxaca?src=hash&amp;ref_src=twsrc%5Etfw\">#Oaxaca<\/a>; hoy, con una marcha en el Centro Hist\u00f3rico, exigen al <a href=\"https:\/\/twitter.com\/GobOax?ref_src=twsrc%5Etfw\">@GobOax<\/a> <a href=\"https:\/\/twitter.com\/SEGEGO_GobOax?ref_src=twsrc%5Etfw\">@SEGEGO_GobOax<\/a> un bono&#8230; de no movilizaci\u00f3n&#8230;. <a href=\"https:\/\/t.co\/8pT5LjfaKe\">pic.twitter.com\/8pT5LjfaKe<\/a><\/p>&mdash; Zona Roja Oaxaca (@MexRoja) <a href=\"https:\/\/twitter.com\/MexRoja\/status\/1147165121493344257?ref_src=twsrc%5Etfw\">5 de julio de 2019<\/a><\/blockquote><\/div>\n<\/div><\/figure>\n\n\n\n<p>Y este &nbsp;viernes, luego de marchar del jard\u00edn \u201cAntonia\nLabastida\u201d hacia el z\u00f3calo, efectuaron un mitin frente al Palacio de Gobierno;\ntras ello una comisi\u00f3n encabezada por el secretario General, Fernando David\nL\u00f3pez Cruz, fue recibida por funcionarios.<\/p>\n\n\n\n<p>No obstante,\nal no obtener respuestas satisfactorias, bloquean al menos cinco cruces viales\nen el Centro Hist\u00f3rico.<\/p>\n\n\n\n<p>Amagaron con boicotear la Guelaguetza en caso de las autoridades estatales no les cubran el bono, que en total asciende a m\u00e1s de seis millones de pesos.<\/p>\n\n\n\n<figure class=\"wp-block-embed-twitter wp-block-embed is-type-rich is-provider-twitter\"><div class=\"wp-block-embed__wrapper\">\n<div class=\"twitter-tweet\"><blockquote class=\"twitter-tweet\" data-lang=\"es\"><p lang=\"es\" dir=\"ltr\"><a href=\"https:\/\/twitter.com\/hashtag\/OaxacaGris?src=hash&amp;ref_src=twsrc%5Etfw\">#OaxacaGris<\/a><br>\u00bfEl <a href=\"https:\/\/twitter.com\/hashtag\/STEUABJO?src=hash&amp;ref_src=twsrc%5Etfw\">#STEUABJO<\/a> tiene y usa \u201cporros\u201d? Durante los bloqueos en calles del Centro Hist\u00f3rico de la capital oaxaque\u00f1a, un joven de Juxtlahuaca dio su opini\u00f3n contra ese tipo de protestas, pero de inmediato se acercaron tres tipos corpulentos para amedrentarlo. Vea: <a href=\"https:\/\/t.co\/SXjdzak95h\">pic.twitter.com\/SXjdzak95h<\/a><\/p>&mdash; Zona Roja Oaxaca (@MexRoja) <a href=\"https:\/\/twitter.com\/MexRoja\/status\/1147208253853589507?ref_src=twsrc%5Etfw\">5 de julio de 2019<\/a><\/blockquote><\/div>\n<\/div><\/figure>\n","protected":false},"excerpt":{"rendered":"<p>Ismael Garc\u00eda M. Oaxaca de Ju\u00e1rez, Oax., 5 de julio de 2019.- \u201cEs tema de&hellip;<\/p>\n","protected":false},"author":2,"featured_media":2042,"comment_status":"closed","ping_status":"open","sticky":false,"template":"","format":"standard","meta":{"_lmt_disableupdate":"","_lmt_disable":"","_jetpack_memberships_contains_paid_content":false,"footnotes":""},"categories":[109,47],"tags":[173,305,282],"class_list":["post-2041","post","type-post","status-publish","format-standard","has-post-thumbnail","hentry","category-minuto-a-minuto","category-zona-gris","tag-alejandro-murat-hinojosa","tag-steuabjo","tag-universidad-autonoma-benito-juarez-de-oaxaca"],"jetpack_featured_media_url":"https:\/\/zonaroja.com.mx\/wp-content\/uploads\/2019\/07\/6587f899-6660-4cb0-915e-281ae1f47c98.jpg","jetpack_sharing_enabled":true,"_links":{"self":[{"href":"https:\/\/zonaroja.com.mx\/index.php?rest_route=\/wp\/v2\/posts\/2041","targetHints":{"allow":["GET"]}}],"collection":[{"href":"https:\/\/zonaroja.com.mx\/index.php?rest_route=\/wp\/v2\/posts"}],"about":[{"href":"https:\/\/zonaroja.com.mx\/index.php?rest_route=\/wp\/v2\/types\/post"}],"author":[{"embeddable":true,"href":"https:\/\/zonaroja.com.mx\/index.php?rest_route=\/wp\/v2\/users\/2"}],"replies":[{"embeddable":true,"href":"https:\/\/zonaroja.com.mx\/index.php?rest_route=%2Fwp%2Fv2%2Fcomments&post=2041"}],"version-history":[{"count":1,"href":"https:\/\/zonaroja.com.mx\/index.php?rest_route=\/wp\/v2\/posts\/2041\/revisions"}],"predecessor-version":[{"id":2043,"href":"https:\/\/zonaroja.com.mx\/index.php?rest_route=\/wp\/v2\/posts\/2041\/revisions\/2043"}],"wp:featuredmedia":[{"embeddable":true,"href":"https:\/\/zonaroja.com.mx\/index.php?rest_route=\/wp\/v2\/media\/2042"}],"wp:attachment":[{"href":"https:\/\/zonaroja.com.mx\/index.php?rest_route=%2Fwp%2Fv2%2Fmedia&parent=2041"}],"wp:term":[{"taxonomy":"category","embeddable":true,"href":"https:\/\/zonaroja.com.mx\/index.php?rest_route=%2Fwp%2Fv2%2Fcategories&post=2041"},{"taxonomy":"post_tag","embeddable":true,"href":"https:\/\/zonaroja.com.mx\/index.php?rest_route=%2Fwp%2Fv2%2Ftags&post=2041"}],"curies":[{"name":"wp","href":"https:\/\/api.w.org\/{rel}","templated":true}]}}