{"id":20423,"date":"2020-11-23T11:05:35","date_gmt":"2020-11-23T17:05:35","guid":{"rendered":"https:\/\/www.zonaroja.com.mx\/?p=20423"},"modified":"2020-11-23T11:05:37","modified_gmt":"2020-11-23T17:05:37","slug":"exigen-justicia-por-agresion-de-mototaxistas-a-conductor-en-la-capital","status":"publish","type":"post","link":"https:\/\/zonaroja.com.mx\/?p=20423","title":{"rendered":"Exigen justicia por agresi\u00f3n de mototaxistas a conductor en la capital"},"content":{"rendered":"\n<p class=\"MsoNormal\">Yuridiana Sosa\/Zona Roja. <\/p>\n\n\n\n<p class=\"MsoNormal\">Oaxaca de Ju\u00e1rez, Oax., 23 de noviembre de 2020.- Familias del ciudadano agredido por mototaxistas de la agencia de San Luis Beltr\u00e1n, en la capital de Oaxaca, exigen a las autoridades correspondientes justicia contra los agresores, mientras que la salud de la v\u00edctima est\u00e1 en riesgo.<\/p>\n\n\n\n<p class=\"MsoNormal\">La tarde de este domingo, un grupo de motototaxistas, presuntamente agremiados de la Confederaci\u00f3n Aut\u00f3noma de Trabajadores y Empleados de M\u00e9xico (CATEM), golpe\u00f3 brutalmente a un conductor de taxi en el camino que conduce a la comunidad, adem\u00e1s de herirlo con un machete.<\/p>\n\n\n\n<p class=\"MsoNormal\">El video que comparti\u00f3 uno de los testigos, ante el hecho registrado en plena vialidad y obstruyendo el paso vehicular, muestra que mientras un hombre golpea con pu\u00f1etazos y patadas a otro individuo en el rostro y cuerpo, al menos otros tres resguardan en complicidad la violenta acci\u00f3n, uno de ellos porta un machete.<\/p>\n\n\n\n<p class=\"MsoNormal\">Ante el salvaje evento, del que la misma v\u00edctima s\u00f3lo trat\u00f3 de protegerse sin responder la agresi\u00f3n, otro ciudadano se acerc\u00f3 con la intenci\u00f3n de detener la golpiza, pero el sujeto que portaba el machete le orden\u00f3 que se retirara.<\/p>\n\n\n\n<p class=\"MsoNormal\">La v\u00edctima, conductor de taxi de la capital, presenta fractura en el p\u00f3mulo, desprendimiento de retina y una grave lesi\u00f3n en el brazo por el machetazo.<\/p>\n\n\n\n<p class=\"MsoNormal\">De acuerdo con la versi\u00f3n del taxista, el agresor se molest\u00f3 al pedirle que se retirara de la vialidad por estar mal estacionado; eso provoc\u00f3 que junto con otros mototaxistas lo siguieran y detuvieran metros adelante, para despu\u00e9s bajarlo por la fuerza y de forma violenta de la unidad, comenzando la agresi\u00f3n con un machetazo en el brazo. <\/p>\n\n\n\n<p class=\"MsoNormal\">\u201cAy\u00fadenme para que los delincuentes vayan a la c\u00e1rcel\u201d, suplic\u00f3 el familiar, quien lament\u00f3 que en repetidas ocasiones este tipo de hechos quedan impunes ante la protecci\u00f3n de los sindicatos a sus agremiados, en este caso, presuntamente de la CATEM.<\/p>\n","protected":false},"excerpt":{"rendered":"<p>Yuridiana Sosa\/Zona Roja. Oaxaca de Ju\u00e1rez, Oax., 23 de noviembre de 2020.- Familias del ciudadano&hellip;<\/p>\n","protected":false},"author":2,"featured_media":20422,"comment_status":"closed","ping_status":"open","sticky":false,"template":"","format":"standard","meta":{"_lmt_disableupdate":"","_lmt_disable":"","_jetpack_memberships_contains_paid_content":false,"footnotes":""},"categories":[109,47],"tags":[148],"class_list":["post-20423","post","type-post","status-publish","format-standard","has-post-thumbnail","hentry","category-minuto-a-minuto","category-zona-gris","tag-oaxaca-de-juarez"],"jetpack_featured_media_url":"https:\/\/zonaroja.com.mx\/wp-content\/uploads\/2020\/11\/img_6250.jpg","jetpack_sharing_enabled":true,"_links":{"self":[{"href":"https:\/\/zonaroja.com.mx\/index.php?rest_route=\/wp\/v2\/posts\/20423","targetHints":{"allow":["GET"]}}],"collection":[{"href":"https:\/\/zonaroja.com.mx\/index.php?rest_route=\/wp\/v2\/posts"}],"about":[{"href":"https:\/\/zonaroja.com.mx\/index.php?rest_route=\/wp\/v2\/types\/post"}],"author":[{"embeddable":true,"href":"https:\/\/zonaroja.com.mx\/index.php?rest_route=\/wp\/v2\/users\/2"}],"replies":[{"embeddable":true,"href":"https:\/\/zonaroja.com.mx\/index.php?rest_route=%2Fwp%2Fv2%2Fcomments&post=20423"}],"version-history":[{"count":1,"href":"https:\/\/zonaroja.com.mx\/index.php?rest_route=\/wp\/v2\/posts\/20423\/revisions"}],"predecessor-version":[{"id":20424,"href":"https:\/\/zonaroja.com.mx\/index.php?rest_route=\/wp\/v2\/posts\/20423\/revisions\/20424"}],"wp:featuredmedia":[{"embeddable":true,"href":"https:\/\/zonaroja.com.mx\/index.php?rest_route=\/wp\/v2\/media\/20422"}],"wp:attachment":[{"href":"https:\/\/zonaroja.com.mx\/index.php?rest_route=%2Fwp%2Fv2%2Fmedia&parent=20423"}],"wp:term":[{"taxonomy":"category","embeddable":true,"href":"https:\/\/zonaroja.com.mx\/index.php?rest_route=%2Fwp%2Fv2%2Fcategories&post=20423"},{"taxonomy":"post_tag","embeddable":true,"href":"https:\/\/zonaroja.com.mx\/index.php?rest_route=%2Fwp%2Fv2%2Ftags&post=20423"}],"curies":[{"name":"wp","href":"https:\/\/api.w.org\/{rel}","templated":true}]}}