{"id":20428,"date":"2020-11-23T15:28:23","date_gmt":"2020-11-23T21:28:23","guid":{"rendered":"http:\/\/www.zonaroja.com.mx\/?p=20428"},"modified":"2020-11-23T15:28:27","modified_gmt":"2020-11-23T21:28:27","slug":"abogados-denuncian-irregularidades-en-la-semaedeso-tramitan-amparos","status":"publish","type":"post","link":"https:\/\/zonaroja.com.mx\/?p=20428","title":{"rendered":"Abogados denuncian irregularidades en la Semaedeso; tramitan amparos&nbsp;"},"content":{"rendered":"\n<p>Evlin Arag\u00f3n\/Zona Roja.<\/p>\n\n\n\n<p>Oaxaca de Ju\u00e1rez, Oax., 23 de noviembre de 2020.- Abogados ambientalistas denunciaron irregularidades y omisiones en la Secretar\u00eda del Medio Ambiente, Energ\u00edas y Desarrollo Sustentable de Oaxaca (Semaedeso), particularmente en la reciente convocatoria para reinstalar 24 centros de verificaci\u00f3n vehicular en todo el estado.&nbsp;<\/p>\n\n\n\n<p>En conferencia de prensa, explicaron que las recientes irregularidades en la dependencia a cargo de Samuel Gurri\u00f3n Mat\u00edas, han propiciado la promoci\u00f3n de 10 amparos por parte del mimo n\u00famero de empresas oaxaque\u00f1as, con la finalidad de que la convocatoria cumpla con los lineamientos solicitados por ley.&nbsp;<\/p>\n\n\n\n<p>\u201cNosotros acudimos a la protecci\u00f3n de la justicia federal, a trav\u00e9s de un amparo que lo busca e hacerle notar a un juez federal las omisiones que se est\u00e1n violando en esa convocatorio, con lo cual buscamos que se d\u00e9 certeza jur\u00eddica y que se vuelca a encaminar dicha convocatoria con los establecido por la ley\u201d, indic\u00f3 Antonio Velasco, representante de la Barra Oaxaque\u00f1a de Abogados Ambientalistas&nbsp;&nbsp;<\/p>\n\n\n\n<p>Explic\u00f3 que la semana pasada, el 19 de noviembre para mayor exactitud, fue emitida la convocatoria SEMAEDESO\/CCRNV\/DCCDS\/DCABB012020<\/p>\n\n\n\n<p>con el objetivo de otorgar autorizaci\u00f3n y operaci\u00f3n de Centros de Verificaci\u00f3n Vehicular, misma que argumentaron fue publicada en el Peri\u00f3dico Oficial, lo cual fue falso.<\/p>\n\n\n\n<figure class=\"wp-block-embed-twitter wp-block-embed is-type-rich is-provider-twitter\"><div class=\"wp-block-embed__wrapper\">\n<div class=\"twitter-tweet\"><blockquote class=\"twitter-tweet\" data-lang=\"es\"><p lang=\"es\" dir=\"ltr\">Estas son las probables irregularidades de la licitaci\u00f3n que promueve la <a href=\"https:\/\/twitter.com\/SEMAEDESO?ref_src=twsrc%5Etfw\">@SEMAEDESO<\/a>, seg\u00fan denunciaron esta ma\u00f1ana integrantes de la Barra Oaxaque\u00f1a de Abogados Ambientalistas (BOAA). <a href=\"https:\/\/t.co\/HvlkVrWjNd\">pic.twitter.com\/HvlkVrWjNd<\/a><\/p>&mdash; Zona Roja Oaxaca (@MexRoja) <a href=\"https:\/\/twitter.com\/MexRoja\/status\/1330939162086805504?ref_src=twsrc%5Etfw\">23 de noviembre de 2020<\/a><\/blockquote><\/div>\n<\/div><\/figure>\n\n\n\n<p>Un d\u00eda despu\u00e9s, el 20 de noviembre, se cerr\u00f3 como plazo para la entrega de documentaci\u00f3n por parte de empresas o particulares que aspiren a contender en la licitaci\u00f3n, d\u00eda en el que adem\u00e1s fueron \u201ctomadas\u201d las instalaciones de Ciudad Administrativa, complicando as\u00ed el procedimiento a seguir.<\/p>\n\n\n\n<p>No obstante, este lunes 23 de noviembre, s\u00f3lo tres d\u00edas despu\u00e9s del cierre de la convocatoria, ya se han dado a conocer los resultados de la licitaci\u00f3n, lo cual hace sospechar de que se tratar\u00eda de convocatorias ama\u00f1ados, lo cual es grave ya que la instalaci\u00f3n de los verificentros implica la adquisici\u00f3n de terrenos y cumplir con normas establecida, situaci\u00f3n que hace imposible la integraci\u00f3n de carpetas en un lapso tan corto de tiempo.&nbsp;<\/p>\n\n\n\n<p>\u201cAlgo tan complejo no se puede hacer de la noche a la ma\u00f1ana, una carpeta, hasta el negocio m\u00e1s b\u00e1sico no se puede hacer en cinco d\u00edas, no pueden poner en venta cualquier producto y en cinco d\u00edas tener listo el local, las licencias y las autorizaciones, mucho menos algo tan complejo como un verificentro\u201d, dijo.&nbsp;<\/p>\n\n\n\n<p>As\u00ed mismo, manifest\u00f3 que la convocatoria no cuenta con la fecha de emisi\u00f3n, entre otras irregularidades que saltan en la dependencia, misma que tambi\u00e9n tiene pendiente la soluci\u00f3n del tema del basurero &#8211;la adjudicaci\u00f3n del terreno&#8211; que es de car\u00e1cter grave.&nbsp;<\/p>\n\n\n\n<p>Aunque se neg\u00f3 a calificar de corrupci\u00f3n las irregularidades detectadas en la m\u00e1s reciente convocatoria, si evidenci\u00f3 una mala aplicaci\u00f3n de la ley por parte de la dependencia y su titular, que pasa por alto los reglamentos establecidos.<\/p>\n\n\n\n<p>\u201cHay indicios que van encaminados a favorecer a empresas especificas por parte de funcionarios, como el director de Cambio Clim\u00e1tico, que no est\u00e1n aplicando el derecho como se debe\u201d, sentenci\u00f3.&nbsp;<\/p>\n\n\n\n<p>Finalmente indic\u00f3 que, a partir de este momento, la reciente creada Barra Oaxaque\u00f1a de Abogados Ambientalistas buscar\u00e1 ser portavoz del medio ambiente en el tema legal, asesorar a los gobiernos &#8211;de los diferentes niveles&#8211; as\u00ed como al sector privado y a la sociedad en general para lograr una correcta aplicaci\u00f3n de las leyes vigente en la materia.\u00a0<\/p>\n\n\n\n<figure class=\"wp-block-embed-twitter wp-block-embed is-type-rich is-provider-twitter\"><div class=\"wp-block-embed__wrapper\">\n<div class=\"twitter-tweet\"><blockquote class=\"twitter-tweet\" data-lang=\"es\"><p lang=\"es\" dir=\"ltr\"><a href=\"https:\/\/twitter.com\/hashtag\/ENVIVO?src=hash&amp;ref_src=twsrc%5Etfw\">#ENVIVO<\/a><br>Oaxaca de Ju\u00e1rez, Oax., 23 de noviembre de 2020. &#8211; Conferencia de prensa de la Barra Oaxaque\u00f1a de Abogados Ambientalistas. Denuncian irregularidades en una licitaci\u00f3n de la <a href=\"https:\/\/twitter.com\/SEMAEDESO?ref_src=twsrc%5Etfw\">@SEMAEDESO<\/a> que encabeza <a href=\"https:\/\/twitter.com\/samygurrion?ref_src=twsrc%5Etfw\">@samygurrion<\/a>. <br><br>Aqu\u00ed la transmisi\u00f3n \ud83d\udc47<a href=\"https:\/\/t.co\/Gl4fLxJKGb\">https:\/\/t.co\/Gl4fLxJKGb<\/a> <a href=\"https:\/\/t.co\/Klmcxb4F5X\">pic.twitter.com\/Klmcxb4F5X<\/a><\/p>&mdash; Zona Roja Oaxaca (@MexRoja) <a href=\"https:\/\/twitter.com\/MexRoja\/status\/1330908708327616518?ref_src=twsrc%5Etfw\">23 de noviembre de 2020<\/a><\/blockquote><\/div>\n<\/div><\/figure>\n","protected":false},"excerpt":{"rendered":"<p>Evlin Arag\u00f3n\/Zona Roja. Oaxaca de Ju\u00e1rez, Oax., 23 de noviembre de 2020.- Abogados ambientalistas denunciaron&hellip;<\/p>\n","protected":false},"author":2,"featured_media":20429,"comment_status":"closed","ping_status":"open","sticky":false,"template":"","format":"standard","meta":{"_lmt_disableupdate":"","_lmt_disable":"","_jetpack_memberships_contains_paid_content":false,"footnotes":""},"categories":[109,47],"tags":[1395],"class_list":["post-20428","post","type-post","status-publish","format-standard","has-post-thumbnail","hentry","category-minuto-a-minuto","category-zona-gris","tag-samuel-gurrion-matias"],"jetpack_featured_media_url":"https:\/\/zonaroja.com.mx\/wp-content\/uploads\/2020\/11\/Conferencia-abogados-ambientalistas.jpg","jetpack_sharing_enabled":true,"_links":{"self":[{"href":"https:\/\/zonaroja.com.mx\/index.php?rest_route=\/wp\/v2\/posts\/20428","targetHints":{"allow":["GET"]}}],"collection":[{"href":"https:\/\/zonaroja.com.mx\/index.php?rest_route=\/wp\/v2\/posts"}],"about":[{"href":"https:\/\/zonaroja.com.mx\/index.php?rest_route=\/wp\/v2\/types\/post"}],"author":[{"embeddable":true,"href":"https:\/\/zonaroja.com.mx\/index.php?rest_route=\/wp\/v2\/users\/2"}],"replies":[{"embeddable":true,"href":"https:\/\/zonaroja.com.mx\/index.php?rest_route=%2Fwp%2Fv2%2Fcomments&post=20428"}],"version-history":[{"count":1,"href":"https:\/\/zonaroja.com.mx\/index.php?rest_route=\/wp\/v2\/posts\/20428\/revisions"}],"predecessor-version":[{"id":20430,"href":"https:\/\/zonaroja.com.mx\/index.php?rest_route=\/wp\/v2\/posts\/20428\/revisions\/20430"}],"wp:featuredmedia":[{"embeddable":true,"href":"https:\/\/zonaroja.com.mx\/index.php?rest_route=\/wp\/v2\/media\/20429"}],"wp:attachment":[{"href":"https:\/\/zonaroja.com.mx\/index.php?rest_route=%2Fwp%2Fv2%2Fmedia&parent=20428"}],"wp:term":[{"taxonomy":"category","embeddable":true,"href":"https:\/\/zonaroja.com.mx\/index.php?rest_route=%2Fwp%2Fv2%2Fcategories&post=20428"},{"taxonomy":"post_tag","embeddable":true,"href":"https:\/\/zonaroja.com.mx\/index.php?rest_route=%2Fwp%2Fv2%2Ftags&post=20428"}],"curies":[{"name":"wp","href":"https:\/\/api.w.org\/{rel}","templated":true}]}}