{"id":20431,"date":"2020-11-23T17:46:30","date_gmt":"2020-11-23T23:46:30","guid":{"rendered":"http:\/\/www.zonaroja.com.mx\/?p=20431"},"modified":"2020-11-23T17:54:43","modified_gmt":"2020-11-23T23:54:43","slug":"solapa-modesto-seara-acoso-en-unistmo-exigen-reinstalacion-de-docente","status":"publish","type":"post","link":"https:\/\/zonaroja.com.mx\/?p=20431","title":{"rendered":"Solapa Modesto Seara acoso en Unistmo; exigen reinstalaci\u00f3n de docente"},"content":{"rendered":"\n<p>Evlin Arag\u00f3n\/Zona Roja.<\/p>\n\n\n\n<p>Oaxaca de Ju\u00e1rez, Oax., 23 de noviembre de 2020.- Organizaciones feministas y de mujeres en la regi\u00f3n del Istmo de Tehuantepec solicitaron el cese al acoso y hostigamiento al interior de la Universidad del Istmo (Unistmo), cuyas autoridades despidieron recientemente a la doctora Virginia Ilescas Vela, quien desde hace meses acompa\u00f1a los casos de violencia sexual en contra de j\u00f3venes estudiantes.&nbsp;<\/p>\n\n\n\n<p>Se trata de la Red Interinstitucional de Prevenci\u00f3n y Atenci\u00f3n a Casos de Violencia en el Istmo, el Grupo de Mujeres \u201c8 de Marzo\u201d, el Centro de Apoyo a la Mujer Istme\u00f1a, Refugio Regional de Mujeres Ind\u00edgenas del Istmo, Fundaci\u00f3n Mexicana para la Planeaci\u00f3n Familiar (Mexfam), cuyas representantes exigieron a las autoridades universitarias la reinstalaci\u00f3n de Virginia Ilescas, quien fue despedida de su cargo como docente, adem\u00e1s de atender de una vez por todas las denuncias de las j\u00f3venes y cese la violencia de g\u00e9nero al interior de la instituci\u00f3n.&nbsp;<\/p>\n\n\n\n<p>As\u00ed lo expres\u00f3 Rogelia Gonz\u00e1lez Luis, quien explic\u00f3 que la Red Interinstitucional de Prevenci\u00f3n y Atenci\u00f3n a Casos de Violencia, sostuvo una reuni\u00f3n con las autoridades universitarias, quienes se comprometieron a tomar cartas en el asunto, mediante una investigaci\u00f3n que nunca hicieron.<\/p>\n\n\n\n<p>Por el contrario, se convirtieron el juez y parte de los hechos, tomando decisiones de manera unilateral violentando los derechos de las estudiantes y las docentes que respaldaron de forma inmediata los dichos de las j\u00f3venes.&nbsp;<\/p>\n\n\n\n<p>Recrimin\u00f3 que, pese a que uno de los docentes acusados ha ido vinculado a proceso como agresor sexual, y aun as\u00ed sigue dando clases, mientras que a las docentes acompa\u00f1antes de las v\u00edctimas se les han violentado sus derechos humanos y laborales.&nbsp;<\/p>\n\n\n\n<p>Ante ello, y en representaci\u00f3n de las organizaciones presentes, pidi\u00f3 la intervenci\u00f3n del gobernador de Oaxaca, Alejandro Murat Hinojosa, a quien exigi\u00f3 cumplir con su compromiso de cero tolerancia a la violencia de g\u00e9nero que, de no atenderse, puede derivar en feminicidios como se ha visto en otras ocasiones.<\/p>\n\n\n\n<p>Finalmente, indic\u00f3 que en respaldo a la maestra realizaran una jornada de lucha, en el marco del 25 de noviembre, D\u00eda Internacional de la Eliminaci\u00f3n de la Violencia contra la Mujer, a la par que detall\u00f3 no cesaran en su exigencia de justicia para las mujeres.&nbsp;&nbsp;<\/p>\n\n\n\n<figure class=\"wp-block-embed-twitter wp-block-embed is-type-rich is-provider-twitter\"><div class=\"wp-block-embed__wrapper\">\n<div class=\"twitter-tweet\"><blockquote class=\"twitter-tweet\" data-lang=\"es\"><p lang=\"es\" dir=\"ltr\">Organizaciones feministas y de mujeres en el Istmo solicitaron el cese al acoso y hostigamiento al interior de la <a href=\"https:\/\/twitter.com\/UNISTMO_SUNEO?ref_src=twsrc%5Etfw\">@UNISTMO_SUNEO<\/a>, cuyas autoridades despidieron recientemente a la doctora Virginia Ilescas Vela, quien desde hace meses acompa\u00f1a los casos de violencia sexual. <a href=\"https:\/\/t.co\/00xRaiqOsl\">pic.twitter.com\/00xRaiqOsl<\/a><\/p>&mdash; Zona Roja Oaxaca (@MexRoja) <a href=\"https:\/\/twitter.com\/MexRoja\/status\/1331012604433719297?ref_src=twsrc%5Etfw\">23 de noviembre de 2020<\/a><\/blockquote><\/div>\n<\/div><\/figure>\n\n\n\n<p>Por su parte, Virginia Ilescas Vela acus\u00f3 que, a 10 meses de las denuncias de acoso y hostigamiento sexual realizadas por las j\u00f3venes estudiantes, la instituci\u00f3n no ha tomado carta en el asunto para protegerlas, por el contrario, contin\u00faan ejerciendo violencia ahora de car\u00e1cter institucional.&nbsp;<\/p>\n\n\n\n<p>\u201cDesde hace ya 10 meses estas autoridades han hecho todo para proteger a los agresores sexuales que desde entonces siguen asistiendo al plantel con sede en Ciudad Ixtepec e imparten sus clases con normalidad aun cuando a uno de ellos ya se le vincul\u00f3 a proceso por hostigamiento sexual\u201d, se\u00f1al\u00f3.<\/p>\n\n\n\n<p>Tan es as\u00ed que apenas el pasado 13 de noviembre de 2020, la jefa de carrera de Derecho, Cora Bonilla, oblig\u00f3 a una alumna a tener contacto con su agresor sexual v\u00eda Zoom, en unas conferencias argumentando que son a distancia, situaci\u00f3n que calific\u00f3 de grave y aberrante el exponer a las v\u00edctimas con sus agresores sexuales mostrando ignorancia de los protocolos de atenci\u00f3n a la violencia de g\u00e9nero.<\/p>\n\n\n\n<p>Como lo ha hecho desde hace varios meses, la docente denunci\u00f3 la indiferencia del rector Modesto Seara y su anuencia para usar todas las argucias posibles para despedir a quienes han visibilizado el problema, quienes cuentan con procedimientos administrativos solicitados por los docentes denunciados por acoso.<\/p>\n\n\n\n<p>As\u00ed mismo, se\u00f1al\u00f3 que no conforme con despedirla, las autoridades universitarias encabezan ahora un linchamiento medi\u00e1tico en su contra, acompa\u00f1ado de un posicionamiento de docentes que aseguran que no existe violencia hacia las mujeres al interior de la Universidad, la cual definen como un espacio seguro y de sana convivencia.<\/p>\n\n\n\n<p>Por lo que responsabiliz\u00f3 al rector Modesto Seara V\u00e1zquez, al vicerrector Israel Flores Sandoval y a cualquier profesor investigador que haya firmado este linchamiento p\u00fablico en su contra de cualquier cosa que pudiera ocurrirle a ella, as\u00ed como a las alumnas violentadas y a los docentes Montesarrat S\u00e1nchez Moreno y H\u00e9ctor Ortega Mart\u00ednez que tambi\u00e9n han dado acompa\u00f1amiento y apoyo a las v\u00edctimas.&nbsp;<\/p>\n","protected":false},"excerpt":{"rendered":"<p>Evlin Arag\u00f3n\/Zona Roja. Oaxaca de Ju\u00e1rez, Oax., 23 de noviembre de 2020.- Organizaciones feministas y&hellip;<\/p>\n","protected":false},"author":2,"featured_media":20432,"comment_status":"closed","ping_status":"open","sticky":false,"template":"","format":"standard","meta":{"_lmt_disableupdate":"","_lmt_disable":"","_jetpack_memberships_contains_paid_content":false,"footnotes":""},"categories":[109,47],"tags":[1509],"class_list":["post-20431","post","type-post","status-publish","format-standard","has-post-thumbnail","hentry","category-minuto-a-minuto","category-zona-gris","tag-acoso-universidad-del-istmo-oaxaca"],"jetpack_featured_media_url":"https:\/\/zonaroja.com.mx\/wp-content\/uploads\/2020\/11\/Conferencia-caso-Unitsmo.jpg","jetpack_sharing_enabled":true,"_links":{"self":[{"href":"https:\/\/zonaroja.com.mx\/index.php?rest_route=\/wp\/v2\/posts\/20431","targetHints":{"allow":["GET"]}}],"collection":[{"href":"https:\/\/zonaroja.com.mx\/index.php?rest_route=\/wp\/v2\/posts"}],"about":[{"href":"https:\/\/zonaroja.com.mx\/index.php?rest_route=\/wp\/v2\/types\/post"}],"author":[{"embeddable":true,"href":"https:\/\/zonaroja.com.mx\/index.php?rest_route=\/wp\/v2\/users\/2"}],"replies":[{"embeddable":true,"href":"https:\/\/zonaroja.com.mx\/index.php?rest_route=%2Fwp%2Fv2%2Fcomments&post=20431"}],"version-history":[{"count":2,"href":"https:\/\/zonaroja.com.mx\/index.php?rest_route=\/wp\/v2\/posts\/20431\/revisions"}],"predecessor-version":[{"id":20435,"href":"https:\/\/zonaroja.com.mx\/index.php?rest_route=\/wp\/v2\/posts\/20431\/revisions\/20435"}],"wp:featuredmedia":[{"embeddable":true,"href":"https:\/\/zonaroja.com.mx\/index.php?rest_route=\/wp\/v2\/media\/20432"}],"wp:attachment":[{"href":"https:\/\/zonaroja.com.mx\/index.php?rest_route=%2Fwp%2Fv2%2Fmedia&parent=20431"}],"wp:term":[{"taxonomy":"category","embeddable":true,"href":"https:\/\/zonaroja.com.mx\/index.php?rest_route=%2Fwp%2Fv2%2Fcategories&post=20431"},{"taxonomy":"post_tag","embeddable":true,"href":"https:\/\/zonaroja.com.mx\/index.php?rest_route=%2Fwp%2Fv2%2Ftags&post=20431"}],"curies":[{"name":"wp","href":"https:\/\/api.w.org\/{rel}","templated":true}]}}