{"id":20442,"date":"2020-11-23T21:42:48","date_gmt":"2020-11-24T03:42:48","guid":{"rendered":"http:\/\/www.zonaroja.com.mx\/?p=20442"},"modified":"2020-11-23T21:42:52","modified_gmt":"2020-11-24T03:42:52","slug":"matan-a-balazos-a-taxista-en-oaxaca-y-lesionan-a-su-acompanante","status":"publish","type":"post","link":"https:\/\/zonaroja.com.mx\/?p=20442","title":{"rendered":"Matan a balazos a taxista en Oaxaca y lesionan a su acompa\u00f1ante"},"content":{"rendered":"\n<p>Redacci\u00f3n\/Zona Roja.<\/p>\n\n\n\n<p>Oaxaca de Ju\u00e1rez, Oax., 23 de noviembre de 2020.- Los ocupantes de un taxi colectivo fueron atacados a balazos la tarde de este lunes en la regi\u00f3n Sierra Sur de Oaxaca, con saldo de una persona fallecida y una lesionada.<\/p>\n\n\n\n<p>Fue en la carretera a San Luis Amatl\u00e1n, municipio del distrito de Miahuatl\u00e1n, en que ocurri\u00f3 la emboscada a una unidad del sitio \u201cEl Pe\u00f1asco\u201d, del municipio de San Jos\u00e9 El Pe\u00f1asco, con n\u00famero econ\u00f3mico 13-696.<\/p>\n\n\n\n<p>En el interior de la unidad qued\u00f3 el cuerpo de la v\u00edctima, identificada de manera preliminar como Eulalio Salinas Bautista, mientras que el herido fue trasladado a un hospital de Miahuatl\u00e1n.<\/p>\n\n\n\n<p>Hasta esta noche, no hay informaci\u00f3n oficial respecto a los operativos de b\u00fasqueda y si hay detenci\u00f3n del o los probables autores del ataque armado.<\/p>\n","protected":false},"excerpt":{"rendered":"<p>Redacci\u00f3n\/Zona Roja. Oaxaca de Ju\u00e1rez, Oax., 23 de noviembre de 2020.- Los ocupantes de un&hellip;<\/p>\n","protected":false},"author":2,"featured_media":20443,"comment_status":"closed","ping_status":"open","sticky":false,"template":"","format":"standard","meta":{"_lmt_disableupdate":"","_lmt_disable":"","_jetpack_memberships_contains_paid_content":false,"footnotes":""},"categories":[109,51],"tags":[2245],"class_list":["post-20442","post","type-post","status-publish","format-standard","has-post-thumbnail","hentry","category-minuto-a-minuto","category-zona-roja","tag-san-jose-el-penasco"],"jetpack_featured_media_url":"https:\/\/zonaroja.com.mx\/wp-content\/uploads\/2020\/11\/Taxista-San-Luis-Amatlan.jpg","jetpack_sharing_enabled":true,"_links":{"self":[{"href":"https:\/\/zonaroja.com.mx\/index.php?rest_route=\/wp\/v2\/posts\/20442","targetHints":{"allow":["GET"]}}],"collection":[{"href":"https:\/\/zonaroja.com.mx\/index.php?rest_route=\/wp\/v2\/posts"}],"about":[{"href":"https:\/\/zonaroja.com.mx\/index.php?rest_route=\/wp\/v2\/types\/post"}],"author":[{"embeddable":true,"href":"https:\/\/zonaroja.com.mx\/index.php?rest_route=\/wp\/v2\/users\/2"}],"replies":[{"embeddable":true,"href":"https:\/\/zonaroja.com.mx\/index.php?rest_route=%2Fwp%2Fv2%2Fcomments&post=20442"}],"version-history":[{"count":1,"href":"https:\/\/zonaroja.com.mx\/index.php?rest_route=\/wp\/v2\/posts\/20442\/revisions"}],"predecessor-version":[{"id":20444,"href":"https:\/\/zonaroja.com.mx\/index.php?rest_route=\/wp\/v2\/posts\/20442\/revisions\/20444"}],"wp:featuredmedia":[{"embeddable":true,"href":"https:\/\/zonaroja.com.mx\/index.php?rest_route=\/wp\/v2\/media\/20443"}],"wp:attachment":[{"href":"https:\/\/zonaroja.com.mx\/index.php?rest_route=%2Fwp%2Fv2%2Fmedia&parent=20442"}],"wp:term":[{"taxonomy":"category","embeddable":true,"href":"https:\/\/zonaroja.com.mx\/index.php?rest_route=%2Fwp%2Fv2%2Fcategories&post=20442"},{"taxonomy":"post_tag","embeddable":true,"href":"https:\/\/zonaroja.com.mx\/index.php?rest_route=%2Fwp%2Fv2%2Ftags&post=20442"}],"curies":[{"name":"wp","href":"https:\/\/api.w.org\/{rel}","templated":true}]}}