{"id":20448,"date":"2020-11-24T07:37:09","date_gmt":"2020-11-24T13:37:09","guid":{"rendered":"http:\/\/www.zonaroja.com.mx\/?p=20448"},"modified":"2020-11-24T07:37:14","modified_gmt":"2020-11-24T13:37:14","slug":"pueblos-originarios-de-oaxaca-abren-tienda-virtual-de-artesanos","status":"publish","type":"post","link":"https:\/\/zonaroja.com.mx\/?p=20448","title":{"rendered":"Pueblos originarios de Oaxaca abren tienda virtual de artesanos"},"content":{"rendered":"\n<p>Redacci\u00f3n\/Zona Roja.<\/p>\n\n\n\n<p>Oaxaca de Ju\u00e1rez, Oax.- La asociaci\u00f3n civil Pueblos Originarios de Oaxaca (POO) lanz\u00f3 la tienda digital https:\/\/pueblosoriginariosdeoaxaca.com, como parte de una iniciativa que busca apoyar a los artesanos del estado para que vendan sus creaciones de manera directa y sin intermediarios.<\/p>\n\n\n\n<p>La iniciativa comercial denominada Pueblos Originarios de Oaxaca Market tambi\u00e9n es el resultado de una estrategia para reactivar la econom\u00eda de los creadores oaxaque\u00f1os, cuyas ventas fueron afectadas a causa de la emergencia sanitaria por la pandemia del Covid-19.<\/p>\n\n\n\n<p>\u201cNace de la misi\u00f3n de Pueblos Originarios de Oaxaca, que busca impulsar el desarrollo econ\u00f3mico y social de Oaxaca a trav\u00e9s de la reivindicaci\u00f3n del legado cultural que las manos de las y los artesanos crean\u201d, explica Israel Garc\u00eda Gayt\u00e1n, representante de la asociaci\u00f3n civil.<\/p>\n\n\n\n<p>Desde los a\u00f1os de acompa\u00f1amientos que la organizaci\u00f3n ha realizado en el estado, ha podido identificar una serie de problem\u00e1ticas que provocan que el artesano no reciba una retribuci\u00f3n justa por sus creaciones.<\/p>\n\n\n\n<p>Los intermediarios, revendedores y compradores que no conocen el valor real de sus obras han provocado que la derrama econ\u00f3mica no llegue a quien lo merece, a los artesanos y artesanas oaxaque\u00f1as.<\/p>\n\n\n\n<p>Israel Garc\u00eda menciona que, como resultado de este acompa\u00f1amiento, se han propiciado alianzas y acciones tales como la participaci\u00f3n en ferias y eventos en donde puedan vender sus productos de primera mano, encaminados a la visi\u00f3n de no m\u00e1s revendedores y no m\u00e1s regateo.<\/p>\n\n\n\n<p>\u201cEsto permiti\u00f3 la activaci\u00f3n econ\u00f3mica dentro de sus familias y comunidades. Sin embargo, debido a la contingencia sanitaria por la cual estamos atravesando, la forma de venta e interacci\u00f3n con el cliente tiene que reinventarse y atender a los requerimientos del mercado actual\u201d, dice.<\/p>\n\n\n\n<p>Es por ello, detalla, que nace Pueblos Originarios de Oaxaca Market, una iniciativa que busca responder a estas necesidades de comercializaci\u00f3n y garantiza al cliente final la obtenci\u00f3n de una obra que apoya directamente a la y el artesano.<\/p>\n\n\n\n<p>\u201cPueblos Originarios de Oaxaca Market es una plataforma digital social que se distingue de las dem\u00e1s tiendas en l\u00ednea porque no se persigue ning\u00fan fin de lucro, m\u00e1s que el de apoyar a las artesanas y artesanos del Estado a encontrar un mercado m\u00e1s justo y que concientiza al p\u00fablico sobre el trabajo que implica la elaboraci\u00f3n de cada una de las prendas.<\/p>\n\n\n\n<p>\u201cAl comprar en esta plataforma, tienes la certeza que est\u00e1s compr\u00e1ndole directamente a un artesano originario\u201d, se\u00f1ala Evelyn Itzel L\u00e1zaro Ju\u00e1rez, Coordinadora de Fomento y Difusi\u00f3n de la Cultura de POO.<\/p>\n\n\n\n<p>La misi\u00f3n de Pueblos Originarios de Oaxaca Market es proporcionar a las y los artesanos una plataforma digital y presencial que les permita distribuir sus creaciones dentro y fuera del estado a un precio justo, sin intermediarios y con un compromiso total con su desarrollo econ\u00f3mico, por lo cual los integrantes del Comit\u00e9 de Pueblos Originarios de Oaxaca, as\u00ed como artesanas y artesanas de Oaxaca invitan a la ciudadan\u00eda en general a adquirir sus productos en la tienda https:\/\/pueblosoriginariosdeoaxaca.com, los cuales tendr\u00e1n envi\u00f3 gratis a todo M\u00e9xico hasta el 5 de diciembre del 2020.<\/p>\n","protected":false},"excerpt":{"rendered":"<p>Redacci\u00f3n\/Zona Roja. Oaxaca de Ju\u00e1rez, Oax.- La asociaci\u00f3n civil Pueblos Originarios de Oaxaca (POO) lanz\u00f3&hellip;<\/p>\n","protected":false},"author":2,"featured_media":20449,"comment_status":"closed","ping_status":"open","sticky":false,"template":"","format":"standard","meta":{"_lmt_disableupdate":"","_lmt_disable":"","_jetpack_memberships_contains_paid_content":false,"footnotes":""},"categories":[109,46],"tags":[2246],"class_list":["post-20448","post","type-post","status-publish","format-standard","has-post-thumbnail","hentry","category-minuto-a-minuto","category-zona-blanca","tag-pueblos-originarios-de-oaxaca-market"],"jetpack_featured_media_url":"https:\/\/zonaroja.com.mx\/wp-content\/uploads\/2020\/11\/Pueblos-originarios-Market.jpg","jetpack_sharing_enabled":true,"_links":{"self":[{"href":"https:\/\/zonaroja.com.mx\/index.php?rest_route=\/wp\/v2\/posts\/20448","targetHints":{"allow":["GET"]}}],"collection":[{"href":"https:\/\/zonaroja.com.mx\/index.php?rest_route=\/wp\/v2\/posts"}],"about":[{"href":"https:\/\/zonaroja.com.mx\/index.php?rest_route=\/wp\/v2\/types\/post"}],"author":[{"embeddable":true,"href":"https:\/\/zonaroja.com.mx\/index.php?rest_route=\/wp\/v2\/users\/2"}],"replies":[{"embeddable":true,"href":"https:\/\/zonaroja.com.mx\/index.php?rest_route=%2Fwp%2Fv2%2Fcomments&post=20448"}],"version-history":[{"count":1,"href":"https:\/\/zonaroja.com.mx\/index.php?rest_route=\/wp\/v2\/posts\/20448\/revisions"}],"predecessor-version":[{"id":20450,"href":"https:\/\/zonaroja.com.mx\/index.php?rest_route=\/wp\/v2\/posts\/20448\/revisions\/20450"}],"wp:featuredmedia":[{"embeddable":true,"href":"https:\/\/zonaroja.com.mx\/index.php?rest_route=\/wp\/v2\/media\/20449"}],"wp:attachment":[{"href":"https:\/\/zonaroja.com.mx\/index.php?rest_route=%2Fwp%2Fv2%2Fmedia&parent=20448"}],"wp:term":[{"taxonomy":"category","embeddable":true,"href":"https:\/\/zonaroja.com.mx\/index.php?rest_route=%2Fwp%2Fv2%2Fcategories&post=20448"},{"taxonomy":"post_tag","embeddable":true,"href":"https:\/\/zonaroja.com.mx\/index.php?rest_route=%2Fwp%2Fv2%2Ftags&post=20448"}],"curies":[{"name":"wp","href":"https:\/\/api.w.org\/{rel}","templated":true}]}}