{"id":20454,"date":"2020-11-24T08:00:46","date_gmt":"2020-11-24T14:00:46","guid":{"rendered":"http:\/\/www.zonaroja.com.mx\/?p=20454"},"modified":"2020-11-24T08:00:51","modified_gmt":"2020-11-24T14:00:51","slug":"reabren-a-turistas-desde-hoy-la-zona-arqueologica-de-monte-alban","status":"publish","type":"post","link":"https:\/\/zonaroja.com.mx\/?p=20454","title":{"rendered":"Reabren a turistas desde hoy la zona arqueol\u00f3gica de Monte Alb\u00e1n"},"content":{"rendered":"\n<p>Redacci\u00f3n\/Zona Roja.<\/p>\n\n\n\n<p>Oaxaca de Ju\u00e1rez, Oax., 24 de noviembre de 2020.- Al considerar que hay condiciones sanitarias para ello, el Instituto Nacional de Antropolog\u00eda e Historia (INAH) determin\u00f3 abrir al p\u00fablico a partir de hoy la zona arqueol\u00f3gica de Monte Alb\u00e1n, ubicado en la zona metropolitana de la capital.<\/p>\n\n\n\n<p>Todos los sitios arqueol\u00f3gicos y tur\u00edsticos a cargo del INAH estuvieron cerrados por ocho meses debido a la pandemia por Covid-19; seg\u00fan su director general, Diego Prieto Hern\u00e1ndez, a causa de ello los ingresos de la instituci\u00f3n federal cayeron en m\u00e1s del 63 por ciento.<\/p>\n\n\n\n<p>En un comunicado del Gobierno del Estado, el funcionario federal se\u00f1al\u00f3 que Monte Alb\u00e1n, la cual est\u00e1 ligada a la historia de esta instituci\u00f3n luego del hallazgo de la Tumba 7 por el arque\u00f3logo Alfonso Caso, reabre sus instalaciones con las medidas sanitarias m\u00e1s escrupulosas para el cuidado de la salud de los visitantes.<\/p>\n\n\n\n<p>Reconoci\u00f3 el empe\u00f1o del gobernador de Oaxaca, Alejandro Murat, para estas acciones, quien es un aliado para impulsar juntos este trabajo, as\u00ed como para el estudio, cuidado, protecci\u00f3n legal, divulgaci\u00f3n y disfrute social del patrimonio cultural de Oaxaca, en particular el arqueol\u00f3gico, hist\u00f3rico, paleontol\u00f3gico y antropol\u00f3gico que realiza con el INAH.<\/p>\n\n\n\n<p>Destac\u00f3 que el 23 de marzo de este a\u00f1o, en el marco de la Jornada Nacional de la Sana Distancia por el Covid-19, se cerraron de manera temporal 194 zonas arqueol\u00f3gicas, una paleontol\u00f3gica, 165 museos arqueol\u00f3gicos, locales, metropolitanos y regionales del pa\u00eds.<\/p>\n\n\n\n<p>El pasado mes de agosto, se inici\u00f3 con la apertura, de manera cuidadosa, de los recintos culturales que al INAH le corresponde administrar con apego legal y ante la responsabilidad de proteger la vida y salud de sus visitantes; as\u00ed como de sus trabajadores.<\/p>\n\n\n\n<p>Prieto Hern\u00e1ndez resalt\u00f3 que para fortalecer la actividad tur\u00edstica de la entidad, se llevan a cabo estas acciones de reapertura, que junto con el Centro Cultural de Santo Domingo y el Museo de las Culturas de Oaxaca, los espacios m\u00e1s importantes de Oaxaca para el turismo nacional e internacional, se asume este compromiso con responsabilidad para cuidar la salud de las personas y la activaci\u00f3n econ\u00f3mica del estado.<\/p>\n\n\n\n<p>Explic\u00f3 que se permitir\u00e1 un aforo de 100 personas de manera simult\u00e1nea, para un total de 400 por d\u00eda. Se podr\u00e1 acudir de lunes a domingo, en un horario de 10:00 a 16:00 horas, con \u00faltimo acceso a las 15:30 horas.<\/p>\n\n\n\n<p>Siguiendo las recomendaciones de las autoridades sanitarias, las personas deber\u00e1n acudir utilizando cubrebocas durante todo el tiempo de su estancia, port\u00e1ndolo correctamente, cubriendo nariz y boca; lavar frecuentemente las manos o desinfect\u00e1ndolas con gel antibacterial; evitar aglomeraciones y mantener la distancia segura entre cada persona, as\u00ed como acudir sin alg\u00fan s\u00edntoma de enfermedad respiratoria.<\/p>\n","protected":false},"excerpt":{"rendered":"<p>Redacci\u00f3n\/Zona Roja. Oaxaca de Ju\u00e1rez, Oax., 24 de noviembre de 2020.- Al considerar que hay&hellip;<\/p>\n","protected":false},"author":2,"featured_media":20455,"comment_status":"closed","ping_status":"open","sticky":false,"template":"","format":"standard","meta":{"_lmt_disableupdate":"","_lmt_disable":"","_jetpack_memberships_contains_paid_content":false,"footnotes":""},"categories":[109,46],"tags":[2247],"class_list":["post-20454","post","type-post","status-publish","format-standard","has-post-thumbnail","hentry","category-minuto-a-minuto","category-zona-blanca","tag-zona-arqueologica-de-monte-alban"],"jetpack_featured_media_url":"https:\/\/zonaroja.com.mx\/wp-content\/uploads\/2020\/11\/Monte-Alban.jpg","jetpack_sharing_enabled":true,"_links":{"self":[{"href":"https:\/\/zonaroja.com.mx\/index.php?rest_route=\/wp\/v2\/posts\/20454","targetHints":{"allow":["GET"]}}],"collection":[{"href":"https:\/\/zonaroja.com.mx\/index.php?rest_route=\/wp\/v2\/posts"}],"about":[{"href":"https:\/\/zonaroja.com.mx\/index.php?rest_route=\/wp\/v2\/types\/post"}],"author":[{"embeddable":true,"href":"https:\/\/zonaroja.com.mx\/index.php?rest_route=\/wp\/v2\/users\/2"}],"replies":[{"embeddable":true,"href":"https:\/\/zonaroja.com.mx\/index.php?rest_route=%2Fwp%2Fv2%2Fcomments&post=20454"}],"version-history":[{"count":1,"href":"https:\/\/zonaroja.com.mx\/index.php?rest_route=\/wp\/v2\/posts\/20454\/revisions"}],"predecessor-version":[{"id":20456,"href":"https:\/\/zonaroja.com.mx\/index.php?rest_route=\/wp\/v2\/posts\/20454\/revisions\/20456"}],"wp:featuredmedia":[{"embeddable":true,"href":"https:\/\/zonaroja.com.mx\/index.php?rest_route=\/wp\/v2\/media\/20455"}],"wp:attachment":[{"href":"https:\/\/zonaroja.com.mx\/index.php?rest_route=%2Fwp%2Fv2%2Fmedia&parent=20454"}],"wp:term":[{"taxonomy":"category","embeddable":true,"href":"https:\/\/zonaroja.com.mx\/index.php?rest_route=%2Fwp%2Fv2%2Fcategories&post=20454"},{"taxonomy":"post_tag","embeddable":true,"href":"https:\/\/zonaroja.com.mx\/index.php?rest_route=%2Fwp%2Fv2%2Ftags&post=20454"}],"curies":[{"name":"wp","href":"https:\/\/api.w.org\/{rel}","templated":true}]}}