{"id":20459,"date":"2020-11-24T08:16:21","date_gmt":"2020-11-24T14:16:21","guid":{"rendered":"http:\/\/www.zonaroja.com.mx\/?p=20459"},"modified":"2020-11-24T08:16:26","modified_gmt":"2020-11-24T14:16:26","slug":"ante-desatencion-en-oaxaca-llega-protesta-de-indigenas-a-la-cdmx","status":"publish","type":"post","link":"https:\/\/zonaroja.com.mx\/?p=20459","title":{"rendered":"Ante desatenci\u00f3n en Oaxaca, llega protesta de ind\u00edgenas a la Cdmx"},"content":{"rendered":"\n<p>Redacci\u00f3n\/Zona Roja.<\/p>\n\n\n\n<p>Oaxaca de Ju\u00e1rez, Oax., 24 de noviembre de 2020.- Debido a lo que consideraron nula atenci\u00f3n por parte del gobierno de Oaxaca y del ayuntamiento de Santiago Juxtlahuaca, ind\u00edgenas de la entidad protestan desde ayer en la Ciudad de M\u00e9xico.<\/p>\n\n\n\n<p>Se trata del Frente de Resistencia Ind\u00edgena de Juxtlahuaca, que desde hace varios meses demanda la entrega de recursos econ\u00f3micos al ayuntamiento que encabeza Nicol\u00e1s Feria Romero.<\/p>\n\n\n\n<p>Este lunes, se manifestaron en la sede de la Suprema Corte de Justicia de la Naci\u00f3n (SCJN), ubicada en Jos\u00e9 Mar\u00eda Pino Suarez, de la alcald\u00eda Cuauht\u00e9moc, para exigir a la m\u00e1xima autoridad jur\u00eddica del pa\u00eds atraiga el juicio del amparo 1199\/ 2020.<\/p>\n\n\n\n<p>Lo anterior para que se asigne de manera directa los recursos de los ramos 28 y 33 a la comunidad Santo Domingo del Progreso y otras agencias.<\/p>\n\n\n\n<p>En diversas ocasiones, tanto en la capital como en Juxtlahuaca, autoridades auxiliares y pobladores de diversas agencias han demandado la entrega de recursos p\u00fablicos.<\/p>\n\n\n\n<p>Incluso se apoderaron del palacio municipal por varios meses y han efectuado movilizaciones en la capital del estado; no obstante, el edil Nicol\u00e1s Feria no ha respondido a sus planteamientos ni la Secretar\u00eda General de Gobierno ha respaldado la exigencia de las comunidades.<\/p>\n","protected":false},"excerpt":{"rendered":"<p>Redacci\u00f3n\/Zona Roja. Oaxaca de Ju\u00e1rez, Oax., 24 de noviembre de 2020.- Debido a lo que&hellip;<\/p>\n","protected":false},"author":2,"featured_media":20460,"comment_status":"closed","ping_status":"open","sticky":false,"template":"","format":"standard","meta":{"_lmt_disableupdate":"","_lmt_disable":"","_jetpack_memberships_contains_paid_content":false,"footnotes":""},"categories":[109,47],"tags":[2105],"class_list":["post-20459","post","type-post","status-publish","format-standard","has-post-thumbnail","hentry","category-minuto-a-minuto","category-zona-gris","tag-frente-de-resistencia-indigena-juxtlahuaca"],"jetpack_featured_media_url":"https:\/\/zonaroja.com.mx\/wp-content\/uploads\/2020\/11\/Protesta-Juxtlahuaca-en-Cdmx.jpg","jetpack_sharing_enabled":true,"_links":{"self":[{"href":"https:\/\/zonaroja.com.mx\/index.php?rest_route=\/wp\/v2\/posts\/20459","targetHints":{"allow":["GET"]}}],"collection":[{"href":"https:\/\/zonaroja.com.mx\/index.php?rest_route=\/wp\/v2\/posts"}],"about":[{"href":"https:\/\/zonaroja.com.mx\/index.php?rest_route=\/wp\/v2\/types\/post"}],"author":[{"embeddable":true,"href":"https:\/\/zonaroja.com.mx\/index.php?rest_route=\/wp\/v2\/users\/2"}],"replies":[{"embeddable":true,"href":"https:\/\/zonaroja.com.mx\/index.php?rest_route=%2Fwp%2Fv2%2Fcomments&post=20459"}],"version-history":[{"count":1,"href":"https:\/\/zonaroja.com.mx\/index.php?rest_route=\/wp\/v2\/posts\/20459\/revisions"}],"predecessor-version":[{"id":20461,"href":"https:\/\/zonaroja.com.mx\/index.php?rest_route=\/wp\/v2\/posts\/20459\/revisions\/20461"}],"wp:featuredmedia":[{"embeddable":true,"href":"https:\/\/zonaroja.com.mx\/index.php?rest_route=\/wp\/v2\/media\/20460"}],"wp:attachment":[{"href":"https:\/\/zonaroja.com.mx\/index.php?rest_route=%2Fwp%2Fv2%2Fmedia&parent=20459"}],"wp:term":[{"taxonomy":"category","embeddable":true,"href":"https:\/\/zonaroja.com.mx\/index.php?rest_route=%2Fwp%2Fv2%2Fcategories&post=20459"},{"taxonomy":"post_tag","embeddable":true,"href":"https:\/\/zonaroja.com.mx\/index.php?rest_route=%2Fwp%2Fv2%2Ftags&post=20459"}],"curies":[{"name":"wp","href":"https:\/\/api.w.org\/{rel}","templated":true}]}}