{"id":20462,"date":"2020-11-24T15:55:53","date_gmt":"2020-11-24T21:55:53","guid":{"rendered":"http:\/\/www.zonaroja.com.mx\/?p=20462"},"modified":"2020-11-24T15:55:57","modified_gmt":"2020-11-24T21:55:57","slug":"por-caso-maria-del-sol-ante-amlo-y-a-nivel-nacional-exhiben-a-fiscalia-de-oaxaca","status":"publish","type":"post","link":"https:\/\/zonaroja.com.mx\/?p=20462","title":{"rendered":"Por caso Mar\u00eda del Sol, ante AMLO y a nivel nacional exhiben a Fiscal\u00eda de Oaxaca"},"content":{"rendered":"\n<p>Yuridiana Sosa\/Zona Roja.<\/p>\n\n\n\n<p>Oaxaca de Ju\u00e1rez, Oax., 24 de noviembre de 2020.- \u201cEn Oaxaca no nos est\u00e1n respondiendo\u2026le pido su intervenci\u00f3n y ponga un alto a los feminicidios\u201d.<\/p>\n\n\n\n<p>As\u00ed, entre l\u00e1grimas, la periodista oaxaque\u00f1a Soledad Jarqu\u00edn Edgar denunci\u00f3 ante el Presidente de M\u00e9xico, Andr\u00e9 Manuel L\u00f3pez Obrador, la impunidad que impera en la entidad.<\/p>\n\n\n\n<p>La  v\u00edctima del feminicidio de su hija Mar\u00eda del Sol Cruz Jarqu\u00edn &#8211;ocurrido el 2 de junio de 2018 en Juchit\u00e1n de Zaragoza, en la regi\u00f3n del Istmo&#8211; acudi\u00f3 este martes a la \u201cma\u00f1anera\u201d y en representaci\u00f3n de 18 mil mujeres y mam\u00e1s, entreg\u00f3 una carta dirigida al mandatario, en que piden se ponga un alto al feminicidio en M\u00e9xico.<\/p>\n\n\n\n<p>Valiente y con fuerza, pese a la profunda herida por el homicidio de Sol, exigente ante la injusticia que vive, Jarqu\u00edn Edgar expuso el caso de su hija frente al Presidente, a quien de forma directa le dijo que confiaron en su gobierno.<\/p>\n\n\n\n<p>\u201cEn Oaxaca no nos est\u00e1n respondiendo\u2026estoy peleando contra el PRI\u201d, asever\u00f3 la periodista, quien desde hace m\u00e1s de dos a\u00f1os se mantiene firme e insistente en un proceso que no avanza, ni en lo penal, ni en lo administrativo por parte del Gobierno del Estado, que encabeza Alejandro Murat, del PRI.<\/p>\n\n\n\n<p>De forma precisa, la periodista plante\u00f3 los hechos L\u00f3pez Obrador. Por el feminicidio de su hija, fotoperiodista de Oaxaca, existen seis carpetas de investigaciones iniciadas; no ha tenido audiencia intermedia; y la Secretar\u00eda de Finanzas de Oaxaca refiere que no puede aplicar la multa al regidor Hageo Montero L\u00f3pez de Juchit\u00e1n porque no lo encuentra.<\/p>\n\n\n\n<figure class=\"wp-block-embed-twitter wp-block-embed is-type-rich is-provider-twitter\"><div class=\"wp-block-embed__wrapper\">\n<div class=\"twitter-tweet\"><blockquote class=\"twitter-tweet\" data-lang=\"es\"><p lang=\"es\" dir=\"ltr\"><a href=\"https:\/\/twitter.com\/hashtag\/OaxacaGris?src=hash&amp;ref_src=twsrc%5Etfw\">#OaxacaGris<\/a> <br>Entre l\u00e1grimas, la periodista <a href=\"https:\/\/twitter.com\/jarquinedgar?ref_src=twsrc%5Etfw\">@jarquinedgar<\/a> exhibe a nivel nacional la nula procuraci\u00f3n de justicia en Oaxaca y la grave impunidad que promueve la <a href=\"https:\/\/twitter.com\/FISCALIA_GobOax?ref_src=twsrc%5Etfw\">@FISCALIA_GobOax<\/a> con su inacci\u00f3n.El Presidente <a href=\"https:\/\/twitter.com\/lopezobrador_?ref_src=twsrc%5Etfw\">@lopezobrador_<\/a> ofreci\u00f3 todo su respaldo y hoy mismo la atiende <a href=\"https:\/\/twitter.com\/SEGOB_mx?ref_src=twsrc%5Etfw\">@SEGOB_mx<\/a>. <a href=\"https:\/\/t.co\/E3LGs8Pz8x\">pic.twitter.com\/E3LGs8Pz8x<\/a><\/p>&mdash; Zona Roja Oaxaca (@MexRoja) <a href=\"https:\/\/twitter.com\/MexRoja\/status\/1331335016987586561?ref_src=twsrc%5Etfw\">24 de noviembre de 2020<\/a><\/blockquote><\/div>\n<\/div><\/figure>\n\n\n\n<p>Mar\u00eda del Sol Cruz Jarqu\u00edn fue asesinada en Juchit\u00e1n cuando fue obligada a cubrir la campa\u00f1a de Hageo Montero, del PRI, y hermano del secretario de Asuntos Ind\u00edgenas a cargo de Francisco Javier Montero L\u00f3pez, dependencia donde la joven se desempe\u00f1aba como jefa del Departamento de Comunicaci\u00f3n.<\/p>\n\n\n\n<p>Soledad Jarqu\u00edn record\u00f3 que solicit\u00f3 a la Fiscal\u00eda General de la Rep\u00fablica atraer el caso y se considerara su condici\u00f3n de fotoperiodista, as\u00ed como el contexto electoral del que v\u00edctima.<\/p>\n\n\n\n<p>La madre revel\u00f3 que el cuerpo de su hija, como el de otra mujer y un hombre que estaban con ella, recibieron 10 impactos cada uno de armas de grueso calibre. \u201cNo qued\u00f3 nada de mi hija, ni un \u00f3rgano vital salvable, nada.<\/p>\n\n\n\n<p>\u201cLe pido su intervenci\u00f3n y le pido que atienda las cartas de estas madres que, como yo, pedimos que pongan un alto a los feminicidios\u201d, demand\u00f3 Soledad, con l\u00e1grimas en el rostro y voz quebrada. Desesperada por la injusticia.<\/p>\n\n\n\n<p>El Presidente Andr\u00e9s Manuel L\u00f3pez Obrador se comprometi\u00f3 a que la secretaria de Gobernaci\u00f3n, Olga S\u00e1nchez Cordero, la recibir\u00eda para trata el caso. As\u00ed tambi\u00e9n que en la conferencia de ma\u00f1ana, donde se abordara el tema del D\u00eda Internacional de la Violencia contra las Mujeres, la secretaria informe sobre el caso del feminicidio de Sol.<\/p>\n","protected":false},"excerpt":{"rendered":"<p>Yuridiana Sosa\/Zona Roja. Oaxaca de Ju\u00e1rez, Oax., 24 de noviembre de 2020.- \u201cEn Oaxaca no&hellip;<\/p>\n","protected":false},"author":2,"featured_media":20463,"comment_status":"closed","ping_status":"open","sticky":false,"template":"","format":"standard","meta":{"_lmt_disableupdate":"","_lmt_disable":"","_jetpack_memberships_contains_paid_content":false,"footnotes":""},"categories":[109,47],"tags":[1059,1105],"class_list":["post-20462","post","type-post","status-publish","format-standard","has-post-thumbnail","hentry","category-minuto-a-minuto","category-zona-gris","tag-maria-del-sol-cruz-jarquin","tag-soledad-jarquin-edgar"],"jetpack_featured_media_url":"https:\/\/zonaroja.com.mx\/wp-content\/uploads\/2020\/11\/Soledad-Jarquin-mananera-AMLO.jpeg","jetpack_sharing_enabled":true,"_links":{"self":[{"href":"https:\/\/zonaroja.com.mx\/index.php?rest_route=\/wp\/v2\/posts\/20462","targetHints":{"allow":["GET"]}}],"collection":[{"href":"https:\/\/zonaroja.com.mx\/index.php?rest_route=\/wp\/v2\/posts"}],"about":[{"href":"https:\/\/zonaroja.com.mx\/index.php?rest_route=\/wp\/v2\/types\/post"}],"author":[{"embeddable":true,"href":"https:\/\/zonaroja.com.mx\/index.php?rest_route=\/wp\/v2\/users\/2"}],"replies":[{"embeddable":true,"href":"https:\/\/zonaroja.com.mx\/index.php?rest_route=%2Fwp%2Fv2%2Fcomments&post=20462"}],"version-history":[{"count":1,"href":"https:\/\/zonaroja.com.mx\/index.php?rest_route=\/wp\/v2\/posts\/20462\/revisions"}],"predecessor-version":[{"id":20464,"href":"https:\/\/zonaroja.com.mx\/index.php?rest_route=\/wp\/v2\/posts\/20462\/revisions\/20464"}],"wp:featuredmedia":[{"embeddable":true,"href":"https:\/\/zonaroja.com.mx\/index.php?rest_route=\/wp\/v2\/media\/20463"}],"wp:attachment":[{"href":"https:\/\/zonaroja.com.mx\/index.php?rest_route=%2Fwp%2Fv2%2Fmedia&parent=20462"}],"wp:term":[{"taxonomy":"category","embeddable":true,"href":"https:\/\/zonaroja.com.mx\/index.php?rest_route=%2Fwp%2Fv2%2Fcategories&post=20462"},{"taxonomy":"post_tag","embeddable":true,"href":"https:\/\/zonaroja.com.mx\/index.php?rest_route=%2Fwp%2Fv2%2Ftags&post=20462"}],"curies":[{"name":"wp","href":"https:\/\/api.w.org\/{rel}","templated":true}]}}