{"id":20465,"date":"2020-11-24T16:37:18","date_gmt":"2020-11-24T22:37:18","guid":{"rendered":"http:\/\/www.zonaroja.com.mx\/?p=20465"},"modified":"2020-11-24T16:37:22","modified_gmt":"2020-11-24T22:37:22","slug":"en-menos-de-24-horas-4-asesinatos-en-oaxaca-uno-es-padre-de-sindico-de-tezoatlan","status":"publish","type":"post","link":"https:\/\/zonaroja.com.mx\/?p=20465","title":{"rendered":"En menos de 24 horas, 4 asesinatos en Oaxaca; uno es padre de s\u00edndico de Tezoatl\u00e1n"},"content":{"rendered":"\n<p>Redacci\u00f3n\/Zona Roja.<\/p>\n\n\n\n<p>Oaxaca de Ju\u00e1rez, Oax., 24 de noviembre de 2020.- En menos de 24 horas, entre este lunes y martes, se han reportado cuatro homicidios en distintos puntos del estado de Oaxaca, pero principalmente en la regi\u00f3n Mixteca.<\/p>\n\n\n\n<p>Entre las v\u00edctimas de la violencia se encuentra el padre del s\u00edndico municipal de Tezoatl\u00e1n de Segura y Luna, Mois\u00e9s Castro Montesinos, quien ayer fue v\u00edctima de una agresi\u00f3n con arma blanca.<\/p>\n\n\n\n<p>De acuerdo con el reporte policial, el se\u00f1or identificado como C\u00e9sar Castro fue trasladado al Hospital General de Huajuapan de Le\u00f3n, de la Mixteca, pero no sobrevivi\u00f3 a la herida.<\/p>\n\n\n\n<p>Las autoridades no ofrecieron detalles sobre el incidente, sin embargo, el presunto responsable del hecho logr\u00f3 huir tras el ataque, por lo que se llev\u00f3 a cabo un operativo de b\u00fasqueda, que hasta el momento no ha logrado la localizaci\u00f3n del delincuente.<\/p>\n\n\n\n<p>El s\u00edndico Mois\u00e9s Castro ha sido se\u00f1alado por incitar al grupo de personas que se han manifestado contra la presidenta municipal, Alexa Cisneros.<\/p>\n\n\n\n<p>UN ENCAJUELADO<\/p>\n\n\n\n<p>En otro hecho, en esa misma regi\u00f3n, la polic\u00eda municipal de Coicoy\u00e1n de las Flores hall\u00f3 el cuerpo sin vida de un hombre dentro de la cajuela de un autom\u00f3vil marca Nissan, tipo Tsuru, la ma\u00f1ana de este martes.<\/p>\n\n\n\n<p>La localizaci\u00f3n del cad\u00e1ver se registr\u00f3 cuando los elementos realizaban patrullajes de rutina, en el que se percataron de un veh\u00edculo estacionado sin personas a bordo; en la revisi\u00f3n de la unidad, los uniformados encontraron el cuerpo en la cajuela.<\/p>\n\n\n\n<p>La v\u00edctima presentaba diversos golpes en el rostro y huellas de violencia; al lugar arribaron sus familiares que lo identificaron como E.R.R. de 36 a\u00f1os de edad, de San Mart\u00edn Peras, quienes presuntamente trataron de impedir las labores de los elementos de la Agencia Estatal de Investigaciones.<\/p>\n\n\n\n<p>TAMBI\u00c9N ISTMO<\/p>\n\n\n\n<p>En la regi\u00f3n del Istmo, tambi\u00e9n se registraron hechos violentos, donde en el municipio de Mat\u00edas Romero se report\u00f3 el asesinato a pedradas de un hombre la noche de este lunes.<\/p>\n\n\n\n<p>De acuerdo con el reporte policial, el homicidio se registr\u00f3 en la colonia La Oaxaque\u00f1a cerca de las 23:00 horas cuando vecinos del lugar pidieron auxilio por medio de la l\u00ednea de emergencias del 911.<\/p>\n\n\n\n<p>La v\u00edctima fue identificada como Ignacio Isidro, de aproximadamente 25 a\u00f1os de edad, quien fue encontrado por los elementos con el cr\u00e1neo destrozado, presuntamente por impactos de piedra. Antes del hecho, testigos se\u00f1alaron que se encontraba con varios sujetos ingiriendo bebidas embriagantes, quienes tras la agresi\u00f3n se fueron del lugar.<\/p>\n\n\n\n<p>Mientras que este lunes por la tarde, en la Sierra Sur se registr\u00f3 la ejecuci\u00f3n de un hombre que iba a bordo de un taxi, mientras un var\u00f3n result\u00f3 lesionado.<\/p>\n\n\n\n<p>El ataque ocurri\u00f3 en la carretera a San Luis Amatl\u00e1n, municipio del distrito de Miahuatl\u00e1n, en que ocurri\u00f3 la emboscada a una unidad del sitio \u201cEl Pe\u00f1asco\u201d, del municipio de San Jos\u00e9 El Pe\u00f1asco, con n\u00famero econ\u00f3mico 13-696.<\/p>\n\n\n\n<p>En el interior de la unidad qued\u00f3 el cuerpo de la v\u00edctima, identificada de manera preliminar como Eulalio Salinas Bautista, de 45 a\u00f1os de edad y con domicilio en la poblaci\u00f3n de San Jos\u00e9 El Pe\u00f1asco.<\/p>\n","protected":false},"excerpt":{"rendered":"<p>Redacci\u00f3n\/Zona Roja. Oaxaca de Ju\u00e1rez, Oax., 24 de noviembre de 2020.- En menos de 24&hellip;<\/p>\n","protected":false},"author":2,"featured_media":20466,"comment_status":"closed","ping_status":"open","sticky":false,"template":"","format":"standard","meta":{"_lmt_disableupdate":"","_lmt_disable":"","_jetpack_memberships_contains_paid_content":false,"footnotes":""},"categories":[51],"tags":[338],"class_list":["post-20465","post","type-post","status-publish","format-standard","has-post-thumbnail","hentry","category-zona-roja","tag-coicoyan-de-las-flores"],"jetpack_featured_media_url":"https:\/\/zonaroja.com.mx\/wp-content\/uploads\/2020\/11\/Encajuelado-Coicoyan.jpg","jetpack_sharing_enabled":true,"_links":{"self":[{"href":"https:\/\/zonaroja.com.mx\/index.php?rest_route=\/wp\/v2\/posts\/20465","targetHints":{"allow":["GET"]}}],"collection":[{"href":"https:\/\/zonaroja.com.mx\/index.php?rest_route=\/wp\/v2\/posts"}],"about":[{"href":"https:\/\/zonaroja.com.mx\/index.php?rest_route=\/wp\/v2\/types\/post"}],"author":[{"embeddable":true,"href":"https:\/\/zonaroja.com.mx\/index.php?rest_route=\/wp\/v2\/users\/2"}],"replies":[{"embeddable":true,"href":"https:\/\/zonaroja.com.mx\/index.php?rest_route=%2Fwp%2Fv2%2Fcomments&post=20465"}],"version-history":[{"count":1,"href":"https:\/\/zonaroja.com.mx\/index.php?rest_route=\/wp\/v2\/posts\/20465\/revisions"}],"predecessor-version":[{"id":20467,"href":"https:\/\/zonaroja.com.mx\/index.php?rest_route=\/wp\/v2\/posts\/20465\/revisions\/20467"}],"wp:featuredmedia":[{"embeddable":true,"href":"https:\/\/zonaroja.com.mx\/index.php?rest_route=\/wp\/v2\/media\/20466"}],"wp:attachment":[{"href":"https:\/\/zonaroja.com.mx\/index.php?rest_route=%2Fwp%2Fv2%2Fmedia&parent=20465"}],"wp:term":[{"taxonomy":"category","embeddable":true,"href":"https:\/\/zonaroja.com.mx\/index.php?rest_route=%2Fwp%2Fv2%2Fcategories&post=20465"},{"taxonomy":"post_tag","embeddable":true,"href":"https:\/\/zonaroja.com.mx\/index.php?rest_route=%2Fwp%2Fv2%2Ftags&post=20465"}],"curies":[{"name":"wp","href":"https:\/\/api.w.org\/{rel}","templated":true}]}}