{"id":2047,"date":"2019-07-05T17:45:23","date_gmt":"2019-07-05T22:45:23","guid":{"rendered":"http:\/\/www.zonaroja.com.mx\/?p=2047"},"modified":"2019-07-05T17:45:25","modified_gmt":"2019-07-05T22:45:25","slug":"impune-ataque-de-periodista-en-el-istmo-denuncia-otra-agresion","status":"publish","type":"post","link":"https:\/\/zonaroja.com.mx\/?p=2047","title":{"rendered":"Impune ataque de periodista en el Istmo; denuncia otra agresi\u00f3n"},"content":{"rendered":"\n<p>Redacci\u00f3n<\/p>\n\n\n\n<p>Oaxaca de\nJu\u00e1rez, Oax., 5 de julio de 2019.- El periodista Jes\u00fas Hiram Moreno denunci\u00f3\nque a cuatro meses del ataque armado que sufri\u00f3 en Salina Cruz, no hay ninguna\npersona detenida por los hechos, por lo que mantiene el uso de escolta para\nsalvaguardar su seguridad.<\/p>\n\n\n\n<p>Ello pese a\nque el d\u00eda del ataque, fue respaldado por el gobernador Alejandro Murat\nHinojosa y el fiscal Rub\u00e9n Vasconcelos M\u00e9ndez, quien incluso le ofreci\u00f3 sacarlo\nde la ciudad en helic\u00f3ptero, pero a la fecha no ha podido vincular a proceso a\nninguna persona.<\/p>\n\n\n\n<p>\u201cTemo por mi\nvida, que me puedan volver a atacar, pero no tengo miedo de seguir diciendo la\nverdad y denunciar lo qu\u00e9 pasa en la regi\u00f3n\u201d expuso a trav\u00e9s de sus redes\nsociales.<\/p>\n\n\n\n<p>Explic\u00f3 que\nen los \u00faltimos meses el puerto de Salina Cruz vive un clima de inseguridad\nnotorio, las ejecuciones van a la alza, al igual que los actos delictivos, a\npesar de la presencia elementos de las polic\u00edas Estatal y Federal, incluidos de\nla Marina Armada de M\u00e9xico.<\/p>\n\n\n\n<p>Asegur\u00f3 que\npor el momento no ha pasado por su cabeza dejar su lugar de residencia \u201ctengo\n50 a\u00f1os de vivir aqu\u00ed y no me voy a ir, sigo exigiendo justicia\u201d dijo en un\nvideo publicado en redes sociales a la par que insisti\u00f3 en que se investigue el\natentado, se d\u00e9 con los responsables sin inventar chivos expiatorios.<\/p>\n\n\n\n<p>Fue el 20 de\nmarzo que un hombre armado intent\u00f3 asesinar al periodista oaxaque\u00f1o, Jes\u00fas\nHiram Moreno, quien se desempe\u00f1a como director del semanario \u201cEvidencias\u201d de\nSalina Cruz y que en alg\u00fan momento ejerci\u00f3 como corresponsal del peri\u00f3dico La\nJornada en el Istmo de Tehuantepec.<\/p>\n\n\n\n<p>Seg\u00fan el\nperiodista, una persona a bordo de una motocicleta, lo esperaba afuera de una\ntienda de conveniencia en la colonia Petrolera de Salina Cruz, pese a realizar\nvarios disparos s\u00f3lo dos impactaron sobre su cuerpo ocasion\u00e1ndole heridas\nmenores que le permitieron sacar la vida.<\/p>\n\n\n\n<p>M\u00c1S ABUSOS<\/p>\n\n\n\n<p>Por otro\nlado, el comunicador denunci\u00f3 que recientemente fue acosado por elementos de la\nSecretar\u00eda de Marina y elementos de la Polic\u00eda Municipal, quienes lo detuvieron\na \u00e9l y sus escoltas por se\u00f1alamientos de una persona de dudosa integridad,\nquien los acusaba de estar en un predio que no era de su propiedad, ello pese a\nque se identificaron mediante el oficio de asignaci\u00f3n.<\/p>\n\n\n\n<p>Explic\u00f3 que\nel actual comportamiento de la XII Zona Naval es sumamente cuestionable, toda\nvez que hay registros de que algunos elementos han alterado escenas del crimen,\nsustrayendo incluso pertenec\u00edas de las v\u00edctimas que en alg\u00fan momento pudieran\nservir para las investigaciones de la Fiscal\u00eda General de Justicia de Oaxaca.<\/p>\n\n\n\n<p>Raz\u00f3n por la\nque pidi\u00f3 al comandante a cargo revisar la situaci\u00f3n, de lo contrario se\nconvertir\u00eda en c\u00f3mplice de la grave situaci\u00f3n de inseguridad y corrupci\u00f3n que\nse vive en Salina Cruz.<\/p>\n","protected":false},"excerpt":{"rendered":"<p>Redacci\u00f3n Oaxaca de Ju\u00e1rez, Oax., 5 de julio de 2019.- El periodista Jes\u00fas Hiram Moreno&hellip;<\/p>\n","protected":false},"author":2,"featured_media":2048,"comment_status":"closed","ping_status":"open","sticky":false,"template":"","format":"standard","meta":{"_lmt_disableupdate":"","_lmt_disable":"","_jetpack_memberships_contains_paid_content":false,"footnotes":""},"categories":[109,51],"tags":[59,306,168],"class_list":["post-2047","post","type-post","status-publish","format-standard","has-post-thumbnail","hentry","category-minuto-a-minuto","category-zona-roja","tag-fiscalia-general-del-estado","tag-periodista","tag-salina-cruz"],"jetpack_featured_media_url":"https:\/\/zonaroja.com.mx\/wp-content\/uploads\/2019\/07\/070ecd87-24b2-4054-824c-4ffc8b1e5ab3.jpg","jetpack_sharing_enabled":true,"_links":{"self":[{"href":"https:\/\/zonaroja.com.mx\/index.php?rest_route=\/wp\/v2\/posts\/2047","targetHints":{"allow":["GET"]}}],"collection":[{"href":"https:\/\/zonaroja.com.mx\/index.php?rest_route=\/wp\/v2\/posts"}],"about":[{"href":"https:\/\/zonaroja.com.mx\/index.php?rest_route=\/wp\/v2\/types\/post"}],"author":[{"embeddable":true,"href":"https:\/\/zonaroja.com.mx\/index.php?rest_route=\/wp\/v2\/users\/2"}],"replies":[{"embeddable":true,"href":"https:\/\/zonaroja.com.mx\/index.php?rest_route=%2Fwp%2Fv2%2Fcomments&post=2047"}],"version-history":[{"count":1,"href":"https:\/\/zonaroja.com.mx\/index.php?rest_route=\/wp\/v2\/posts\/2047\/revisions"}],"predecessor-version":[{"id":2049,"href":"https:\/\/zonaroja.com.mx\/index.php?rest_route=\/wp\/v2\/posts\/2047\/revisions\/2049"}],"wp:featuredmedia":[{"embeddable":true,"href":"https:\/\/zonaroja.com.mx\/index.php?rest_route=\/wp\/v2\/media\/2048"}],"wp:attachment":[{"href":"https:\/\/zonaroja.com.mx\/index.php?rest_route=%2Fwp%2Fv2%2Fmedia&parent=2047"}],"wp:term":[{"taxonomy":"category","embeddable":true,"href":"https:\/\/zonaroja.com.mx\/index.php?rest_route=%2Fwp%2Fv2%2Fcategories&post=2047"},{"taxonomy":"post_tag","embeddable":true,"href":"https:\/\/zonaroja.com.mx\/index.php?rest_route=%2Fwp%2Fv2%2Ftags&post=2047"}],"curies":[{"name":"wp","href":"https:\/\/api.w.org\/{rel}","templated":true}]}}