{"id":20471,"date":"2020-11-24T18:54:42","date_gmt":"2020-11-25T00:54:42","guid":{"rendered":"http:\/\/www.zonaroja.com.mx\/?p=20471"},"modified":"2020-11-24T18:54:45","modified_gmt":"2020-11-25T00:54:45","slug":"no-aceptaremos-chivos-expiatorios-por-parte-de-la-fiscalia-fpr","status":"publish","type":"post","link":"https:\/\/zonaroja.com.mx\/?p=20471","title":{"rendered":"\u00abNo aceptaremos &#8216;chivos expiatorios&#8217; por parte de la Fiscal\u00eda\u00bb: FPR"},"content":{"rendered":"\n<p>Evlin Arag\u00f3n\/Zona Roja.<\/p>\n\n\n\n<p>Oaxaca de Ju\u00e1rez, Oax., 24 de noviembre de 2020.- \u201cEn nuestro caso no habr\u00e1 ni perd\u00f3n ni olvido a los autores materiales ni intelectuales de nuestro camarada Tom\u00e1s Mart\u00ednez\u201d, asegur\u00f3 el l\u00edder del Frente Popular Revolucionario, Macario Otalo Padilla.\u00a0<\/p>\n\n\n\n<p>Lo anterior en el marco de su movilizaci\u00f3n que realizaron este martes en la capital del estado con la intenci\u00f3n de exigir, una vez m\u00e1s, justicia para Tomar Mart\u00ednez Pinacho, l\u00edder de la organizaci\u00f3n asesinado hace tres meses, en un estado donde aseguran reina el ambiente de violencia hacia los luchadores sociales.<\/p>\n\n\n\n<p>Y es que, aunque existe una persona detenida, quien ya fue vinculada a proceso, la organizaci\u00f3n refiri\u00f3 que es necesario identificar a los autores intelectuales que aseguran, se encuentran tras un escritorio y forman parte de las filas del gobierno represor en contra de las organizaciones y luchadores sociales.&nbsp;<\/p>\n\n\n\n<p>De ah\u00ed que pidi\u00f3 a la Fiscal\u00eda General de Justicia, encabezada por Rub\u00e9n Vasconcelos M\u00e9ndez, no hacer uso de \u00abchivos expiatorios\u00bb para desviar la atenci\u00f3n de la familia y organizaciones que se manifiestan, simular trabajar y evitar m\u00e1s protestas al respecto.\u00a0<\/p>\n\n\n\n<p>\u201cReiteramos a la Fiscal\u00eda y al Tribunal Superior de Justicia que no permitiremos el uso de &#8216;chivo expiatorios para distraer o desviar la atenci\u00f3n de los familiares y compa\u00f1eros de lucha de nuestro camarada\u201d, indic\u00f3 como parte de su mitin pol\u00edtico.\u00a0\u00a0<\/p>\n\n\n\n<p>Otalo Padilla manifest\u00f3 que la pandemia no ser\u00e1 un obst\u00e1culo para que se sigan movilizando por justicia para las v\u00edctimas por la represi\u00f3n del Estado, que busca eliminar a quienes se organizan para evitar el despojo de las comunidades ind\u00edgenas y sus habitantes.<\/p>\n\n\n\n<p>As\u00ed mismo detall\u00f3 que no cesar\u00e1n en su exigencia de una mayor asignaci\u00f3n de recurso a programas para impulsar la producci\u00f3n agr\u00edcola, ganadera y forestal en el campo mexicano; de salud y educaci\u00f3n, particularmente los dirigidos a los grupos m\u00e1s vulnerables.&nbsp;<\/p>\n\n\n\n<p>Finalmente, y a nombre del bloque de organizaciones, repudi\u00f3 el clima de violencia que se mantiene en la zona triqui, que recientemente termin\u00f3 con la vida de Gabino \u00c1vila Mart\u00ednez, a la par que exigieron la instalaci\u00f3n inmediata de la Mesa de Paz, Justicia y Desarrollo Comunitario, Sustentable e Integral de la Naci\u00f3n Triqui con los tres niveles de gobierno.&nbsp;&nbsp;<\/p>\n\n\n\n<p>Ello sin dejar de hacer el llamado a las organizaciones sociales para cerrar filas en un mismo frente que defienda los intereses de las y los trabajadores del pa\u00eds.&nbsp;<\/p>\n","protected":false},"excerpt":{"rendered":"<p>Evlin Arag\u00f3n\/Zona Roja. Oaxaca de Ju\u00e1rez, Oax., 24 de noviembre de 2020.- \u201cEn nuestro caso&hellip;<\/p>\n","protected":false},"author":2,"featured_media":20472,"comment_status":"closed","ping_status":"open","sticky":false,"template":"","format":"standard","meta":{"_lmt_disableupdate":"","_lmt_disable":"","_jetpack_memberships_contains_paid_content":false,"footnotes":""},"categories":[109,47],"tags":[1687],"class_list":["post-20471","post","type-post","status-publish","format-standard","has-post-thumbnail","hentry","category-minuto-a-minuto","category-zona-gris","tag-frente-popular-revolucionario-fpr"],"jetpack_featured_media_url":"https:\/\/zonaroja.com.mx\/wp-content\/uploads\/2020\/11\/Conferencia-FPR.jpg","jetpack_sharing_enabled":true,"_links":{"self":[{"href":"https:\/\/zonaroja.com.mx\/index.php?rest_route=\/wp\/v2\/posts\/20471","targetHints":{"allow":["GET"]}}],"collection":[{"href":"https:\/\/zonaroja.com.mx\/index.php?rest_route=\/wp\/v2\/posts"}],"about":[{"href":"https:\/\/zonaroja.com.mx\/index.php?rest_route=\/wp\/v2\/types\/post"}],"author":[{"embeddable":true,"href":"https:\/\/zonaroja.com.mx\/index.php?rest_route=\/wp\/v2\/users\/2"}],"replies":[{"embeddable":true,"href":"https:\/\/zonaroja.com.mx\/index.php?rest_route=%2Fwp%2Fv2%2Fcomments&post=20471"}],"version-history":[{"count":1,"href":"https:\/\/zonaroja.com.mx\/index.php?rest_route=\/wp\/v2\/posts\/20471\/revisions"}],"predecessor-version":[{"id":20473,"href":"https:\/\/zonaroja.com.mx\/index.php?rest_route=\/wp\/v2\/posts\/20471\/revisions\/20473"}],"wp:featuredmedia":[{"embeddable":true,"href":"https:\/\/zonaroja.com.mx\/index.php?rest_route=\/wp\/v2\/media\/20472"}],"wp:attachment":[{"href":"https:\/\/zonaroja.com.mx\/index.php?rest_route=%2Fwp%2Fv2%2Fmedia&parent=20471"}],"wp:term":[{"taxonomy":"category","embeddable":true,"href":"https:\/\/zonaroja.com.mx\/index.php?rest_route=%2Fwp%2Fv2%2Fcategories&post=20471"},{"taxonomy":"post_tag","embeddable":true,"href":"https:\/\/zonaroja.com.mx\/index.php?rest_route=%2Fwp%2Fv2%2Ftags&post=20471"}],"curies":[{"name":"wp","href":"https:\/\/api.w.org\/{rel}","templated":true}]}}