{"id":20474,"date":"2020-11-24T20:56:16","date_gmt":"2020-11-25T02:56:16","guid":{"rendered":"http:\/\/www.zonaroja.com.mx\/?p=20474"},"modified":"2020-11-24T21:01:14","modified_gmt":"2020-11-25T03:01:14","slug":"capital-violenta-asalto-a-joyeria-y-enfrentamiento-a-balazos-entre-taxistas","status":"publish","type":"post","link":"https:\/\/zonaroja.com.mx\/?p=20474","title":{"rendered":"Capital violenta: asalto a joyer\u00eda y enfrentamiento a balazos entre taxistas"},"content":{"rendered":"\n<p>Redacci\u00f3n\/Zona Roja.<\/p>\n\n\n\n<p>Oaxaca de Ju\u00e1rez, Oax., 24 de noviembre de 2020.- La capital de Oaxaca vivi\u00f3 otra jornada de violencia este este martes, sin que los polic\u00edas municipales pudieran impedir los hechos delictivos, pese a que en un caso ocurri\u00f3 a dos cuadras y medias del cuartel y el palacio municipal.<\/p>\n\n\n\n<p>Alrededor de las 18:00 horas, dos grupos de taxistas se enfrentaron a balazos, en el Perif\u00e9rico de la ciudad, en inmediaciones del Mercado de Abasto.<\/p>\n\n\n\n<p>Presuntamente militantes de la Confederaci\u00f3n Aut\u00f3noma de Trabajadores y Empleados de M\u00e9xico agredieron con piedras, palos, machetes y armas de fuego a otros miembros de CATEM Joven.<\/p>\n\n\n\n<p>El saldo preliminar fue de dos taxis da\u00f1ados, uno de ellos de San Sebasti\u00e1n Teitipac, con placas de circulaci\u00f3n 6916-SJM, que fue hallado en inmediaciones de la calzada Madero, a unos dos kil\u00f3metros del lugar del enfrentamiento.<\/p>\n\n\n\n<p>El otro es con placas 4641-SJM y n\u00famero econ\u00f3mico 07-141 del sitio \u201c13 de Junio San Antonio\u201d, tambi\u00e9n de Teitipac, que qued\u00f3 sobre el Perif\u00e9rico; ambos afiliados a CATEM Joven.<\/p>\n\n\n\n<p>Elementos de la Polic\u00eda Municipal llegaron al lugar una vez que hab\u00eda pasado la ri\u00f1a y no efectuaron ninguna detenci\u00f3n; personal de la Polic\u00eda Estatal lleg\u00f3 a su refuerzo.<\/p>\n\n\n\n<p>Poco despu\u00e9s de las 19:00 horas, se report\u00f3 otro enfrentamiento, ahora en Santa Rosa Panzacola, sobre la carretera Internacional, donde fueron volcados tres mototaxis, que fueron recuperados y resguardados. En los casos, hasta el momento no hay versi\u00f3n oficial.<\/p>\n\n\n\n<figure class=\"wp-block-embed-twitter wp-block-embed is-type-rich is-provider-twitter\"><div class=\"wp-block-embed__wrapper\">\n<div class=\"twitter-tweet\"><blockquote class=\"twitter-tweet\" data-lang=\"es\"><p lang=\"es\" dir=\"ltr\"><a href=\"https:\/\/twitter.com\/hashtag\/%C3%9AltimoMinuto?src=hash&amp;ref_src=twsrc%5Etfw\">#\u00daltimoMinuto<\/a> <br>Hasta el momento se desconoce el n\u00famero de taxis vandalizados la tarde de hoy en el Perif\u00e9rico de la capital de <a href=\"https:\/\/twitter.com\/hashtag\/Oaxaca?src=hash&amp;ref_src=twsrc%5Etfw\">#Oaxaca<\/a>, en enfrentamiento entre <a href=\"https:\/\/twitter.com\/CatemNacional?ref_src=twsrc%5Etfw\">@CatemNacional<\/a> y CATEM Joven; la polic\u00eda del <a href=\"https:\/\/twitter.com\/MunicipioOaxaca?ref_src=twsrc%5Etfw\">@MunicipioOaxaca<\/a> lleg\u00f3 despu\u00e9s de los hechos y no hubo detenciones. <a href=\"https:\/\/t.co\/WmJHF4Hp4U\">pic.twitter.com\/WmJHF4Hp4U<\/a><\/p>&mdash; Zona Roja Oaxaca (@MexRoja) <a href=\"https:\/\/twitter.com\/MexRoja\/status\/1331406134532583425?ref_src=twsrc%5Etfw\">25 de noviembre de 2020<\/a><\/blockquote><\/div>\n<\/div><\/figure>\n\n\n\n<p>ASALTO VIOLENTO<\/p>\n\n\n\n<p>En tanto, alrededor del mediod\u00eda de este martes, al menos dos sujetos armados ingresaron a un establecimiento de venta de joyer\u00eda ubicado en la segunda cuadra de Tinoco y Palacios, a menos de tres cuadras del Palacio Municipal y del cuartel policial de Oaxaca de Ju\u00e1rez, que a pesar de algunos reportes en redes sociales sobre el hecho, no hicieron presencia de inmediato para verificar el delito.<\/p>\n\n\n\n<p>Durante el asalto, los hampones agredieron a una empleada del local \u00abCeiba Accesorios\u00bb rociando gas lacrim\u00f3geno, adem\u00e1s de sustraer varios art\u00edculos y un equipo de c\u00f3mputo. La joven afectada fue atendida por param\u00e9dicos de un grupo civil de respuesta r\u00e1pida denominado Alpha Bryso.<\/p>\n\n\n\n<p>Tras ello, al lugar arribaron elementos de la Agencia Estatal de Investigaci\u00f3n para realizar las diligencias correspondientes.<\/p>\n\n\n\n<p>Pero las calles se vuelven a\u00fan m\u00e1s peligrosas por las noches ante la falta de vigilancia, pues apenas el s\u00e1bado pasado un grupo de hombres, relacionados a las bandas denominadas de \u201ccholos\u201d, asaltaron y apu\u00f1alaron a un ciudadano en San Mart\u00edn Mexic\u00e1pam cuando regresaba de laborar en una obra de construcci\u00f3n en esa misma vialidad. El mismo perdi\u00f3 la vida en el lugar, colonia Moctezuma.<\/p>\n\n\n\n<figure class=\"wp-block-embed-twitter wp-block-embed is-type-rich is-provider-twitter\"><div class=\"wp-block-embed__wrapper\">\n<div class=\"twitter-tweet\"><blockquote class=\"twitter-tweet\" data-lang=\"es\"><p lang=\"es\" dir=\"ltr\"><a href=\"https:\/\/twitter.com\/hashtag\/ENVIVO?src=hash&amp;ref_src=twsrc%5Etfw\">#ENVIVO<\/a><br>Oaxaca de Ju\u00e1rez, Oax., 24 de noviembre de 2020.- Asalto a joyer\u00eda denominada \u201cCeiba Accesorios@, en el Centro Hist\u00f3rico de la ciudad de Oaxaca, a dos cuadras y media de la sede del <a href=\"https:\/\/twitter.com\/MunicipioOaxaca?ref_src=twsrc%5Etfw\">@MunicipioOaxaca<\/a>.<br><br>Aqu\u00ed la transmisi\u00f3n:<br>\ud83d\udc47<a href=\"https:\/\/t.co\/A9KlTAOomq\">https:\/\/t.co\/A9KlTAOomq<\/a> <a href=\"https:\/\/t.co\/G0TLLXfACu\">pic.twitter.com\/G0TLLXfACu<\/a><\/p>&mdash; Zona Roja Oaxaca (@MexRoja) <a href=\"https:\/\/twitter.com\/MexRoja\/status\/1331324609224818689?ref_src=twsrc%5Etfw\">24 de noviembre de 2020<\/a><\/blockquote><\/div>\n<\/div><\/figure>\n","protected":false},"excerpt":{"rendered":"<p>Redacci\u00f3n\/Zona Roja. Oaxaca de Ju\u00e1rez, Oax., 24 de noviembre de 2020.- La capital de Oaxaca&hellip;<\/p>\n","protected":false},"author":2,"featured_media":20475,"comment_status":"closed","ping_status":"open","sticky":false,"template":"","format":"standard","meta":{"_lmt_disableupdate":"","_lmt_disable":"","_jetpack_memberships_contains_paid_content":false,"footnotes":""},"categories":[109,47],"tags":[148],"class_list":["post-20474","post","type-post","status-publish","format-standard","has-post-thumbnail","hentry","category-minuto-a-minuto","category-zona-gris","tag-oaxaca-de-juarez"],"jetpack_featured_media_url":"https:\/\/zonaroja.com.mx\/wp-content\/uploads\/2020\/11\/Taxi-destrozado-ciudad-de-Oaxaca..jpg","jetpack_sharing_enabled":true,"_links":{"self":[{"href":"https:\/\/zonaroja.com.mx\/index.php?rest_route=\/wp\/v2\/posts\/20474","targetHints":{"allow":["GET"]}}],"collection":[{"href":"https:\/\/zonaroja.com.mx\/index.php?rest_route=\/wp\/v2\/posts"}],"about":[{"href":"https:\/\/zonaroja.com.mx\/index.php?rest_route=\/wp\/v2\/types\/post"}],"author":[{"embeddable":true,"href":"https:\/\/zonaroja.com.mx\/index.php?rest_route=\/wp\/v2\/users\/2"}],"replies":[{"embeddable":true,"href":"https:\/\/zonaroja.com.mx\/index.php?rest_route=%2Fwp%2Fv2%2Fcomments&post=20474"}],"version-history":[{"count":2,"href":"https:\/\/zonaroja.com.mx\/index.php?rest_route=\/wp\/v2\/posts\/20474\/revisions"}],"predecessor-version":[{"id":20477,"href":"https:\/\/zonaroja.com.mx\/index.php?rest_route=\/wp\/v2\/posts\/20474\/revisions\/20477"}],"wp:featuredmedia":[{"embeddable":true,"href":"https:\/\/zonaroja.com.mx\/index.php?rest_route=\/wp\/v2\/media\/20475"}],"wp:attachment":[{"href":"https:\/\/zonaroja.com.mx\/index.php?rest_route=%2Fwp%2Fv2%2Fmedia&parent=20474"}],"wp:term":[{"taxonomy":"category","embeddable":true,"href":"https:\/\/zonaroja.com.mx\/index.php?rest_route=%2Fwp%2Fv2%2Fcategories&post=20474"},{"taxonomy":"post_tag","embeddable":true,"href":"https:\/\/zonaroja.com.mx\/index.php?rest_route=%2Fwp%2Fv2%2Ftags&post=20474"}],"curies":[{"name":"wp","href":"https:\/\/api.w.org\/{rel}","templated":true}]}}