{"id":20484,"date":"2020-11-25T07:27:46","date_gmt":"2020-11-25T13:27:46","guid":{"rendered":"http:\/\/www.zonaroja.com.mx\/?p=20484"},"modified":"2020-11-25T07:27:49","modified_gmt":"2020-11-25T13:27:49","slug":"en-vispera-del-dia-internacional-contra-violencia-matan-a-mujer-en-oaxaca","status":"publish","type":"post","link":"https:\/\/zonaroja.com.mx\/?p=20484","title":{"rendered":"En v\u00edspera del D\u00eda Internacional contra Violencia, matan a mujer en Oaxaca"},"content":{"rendered":"\n<p>Redacci\u00f3n\/Zona Roja.<\/p>\n\n\n\n<p>Oaxaca de Ju\u00e1rez, Oax., 25 de noviembre de 2020.- En la v\u00edspera del D\u00eda Internacional  de la Eliminaci\u00f3n de la Violencia contra la Mujer, en Oaxaca fue asesinada una femenina, junto con su pareja.<\/p>\n\n\n\n<p>Alrededor de las 21:00 horas se inform\u00f3 de un doble asesinato perpetrado en San Miguel Soyaltepec, municipio de la regi\u00f3n de la Cuenca del Papaloapan.<\/p>\n\n\n\n<p>En el interior de un veh\u00edculo tipo Pointer, marca Volkswagen, con placas de circulaci\u00f3n YHF-8097 del estado de Veracruz, fueron ultimados Margarita F. C., de 47 a\u00f1os de edad, y su pareja Santiago V., de unos 45 a\u00f1os de edad.<\/p>\n\n\n\n<p>La unidad se hall\u00f3 en la calle La Laguna de la colonia El Polvor\u00edn y hasta el momento no hay reportes de personas detenidas ni pistas de los probables autores del doble crimen.<\/p>\n\n\n\n<p>La Vicefiscal\u00eda Regional de la Cuenca inici\u00f3 las indagatorias bajo los protocolos de feminicidio, en el caso de la mujer ultimada.<\/p>\n","protected":false},"excerpt":{"rendered":"<p>Redacci\u00f3n\/Zona Roja. Oaxaca de Ju\u00e1rez, Oax., 25 de noviembre de 2020.- En la v\u00edspera del&hellip;<\/p>\n","protected":false},"author":2,"featured_media":17537,"comment_status":"closed","ping_status":"open","sticky":false,"template":"","format":"standard","meta":{"_lmt_disableupdate":"","_lmt_disable":"","_jetpack_memberships_contains_paid_content":false,"footnotes":""},"categories":[109,51],"tags":[1306],"class_list":["post-20484","post","type-post","status-publish","format-standard","has-post-thumbnail","hentry","category-minuto-a-minuto","category-zona-roja","tag-temascal-san-miguel-soyaltepec"],"jetpack_featured_media_url":"https:\/\/zonaroja.com.mx\/wp-content\/uploads\/2020\/09\/Asesinato-mujer-feminicidio.jpg","jetpack_sharing_enabled":true,"_links":{"self":[{"href":"https:\/\/zonaroja.com.mx\/index.php?rest_route=\/wp\/v2\/posts\/20484","targetHints":{"allow":["GET"]}}],"collection":[{"href":"https:\/\/zonaroja.com.mx\/index.php?rest_route=\/wp\/v2\/posts"}],"about":[{"href":"https:\/\/zonaroja.com.mx\/index.php?rest_route=\/wp\/v2\/types\/post"}],"author":[{"embeddable":true,"href":"https:\/\/zonaroja.com.mx\/index.php?rest_route=\/wp\/v2\/users\/2"}],"replies":[{"embeddable":true,"href":"https:\/\/zonaroja.com.mx\/index.php?rest_route=%2Fwp%2Fv2%2Fcomments&post=20484"}],"version-history":[{"count":1,"href":"https:\/\/zonaroja.com.mx\/index.php?rest_route=\/wp\/v2\/posts\/20484\/revisions"}],"predecessor-version":[{"id":20485,"href":"https:\/\/zonaroja.com.mx\/index.php?rest_route=\/wp\/v2\/posts\/20484\/revisions\/20485"}],"wp:featuredmedia":[{"embeddable":true,"href":"https:\/\/zonaroja.com.mx\/index.php?rest_route=\/wp\/v2\/media\/17537"}],"wp:attachment":[{"href":"https:\/\/zonaroja.com.mx\/index.php?rest_route=%2Fwp%2Fv2%2Fmedia&parent=20484"}],"wp:term":[{"taxonomy":"category","embeddable":true,"href":"https:\/\/zonaroja.com.mx\/index.php?rest_route=%2Fwp%2Fv2%2Fcategories&post=20484"},{"taxonomy":"post_tag","embeddable":true,"href":"https:\/\/zonaroja.com.mx\/index.php?rest_route=%2Fwp%2Fv2%2Ftags&post=20484"}],"curies":[{"name":"wp","href":"https:\/\/api.w.org\/{rel}","templated":true}]}}