{"id":20486,"date":"2020-11-25T07:39:33","date_gmt":"2020-11-25T13:39:33","guid":{"rendered":"http:\/\/www.zonaroja.com.mx\/?p=20486"},"modified":"2020-11-25T07:39:37","modified_gmt":"2020-11-25T13:39:37","slug":"mexico-vive-contexto-de-violencia-incontenible-contra-mujeres-ai","status":"publish","type":"post","link":"https:\/\/zonaroja.com.mx\/?p=20486","title":{"rendered":"M\u00e9xico vive contexto de \u00abviolencia incontenible\u00bb contra mujeres: AI"},"content":{"rendered":"\n<p>Redacci\u00f3n\/Zona Roja Cdmx.<\/p>\n\n\n\n<p>Ciudad de M\u00e9xico, 25 de noviembre de 2020.- La organizaci\u00f3n de derechos humanos Amnist\u00eda Internacional (AI) advirti\u00f3 que M\u00e9xico vive un contexto de \u201cviolencia incontenible\u201d contra las mujeres, as\u00ed como de violaciones a las garant\u00edas b\u00e1sicas cometidas por las fuerzas policiacas en contra de manifestantes, lo cual deriva en casos de detenciones arbitrarias, uso excesivo de la fuerza y agresiones sexuales.<\/p>\n\n\n\n<p>En un posicionamiento con motivo del D\u00eda Internacional de la Eliminaci\u00f3n de la Violencia contra las Mujeres, que se conmemora este 25 de noviembre, AI lament\u00f3 que esta efem\u00e9ride llega \u201cen un contexto en que el Estado mexicano ha sido incapaz de contener la violencia contra las mujeres\u201d.<\/p>\n\n\n\n<p>A ello, dijo, se suman las detenciones arbitrarias, el uso excesivo de la fuerza y la violencia sexual, ejercida por polic\u00edas de diversas corporaciones contra mujeres que han salido a las calles para exigir acceso a la justicia en casos de violaciones a derechos humanos y el derecho de las mujeres a una vida libre de violencia.<\/p>\n\n\n\n<p>\u201cBajo este sombr\u00edo panorama, desde Amnist\u00eda Internacional reiteramos nuestra exigencia al Estado mexicano para que considere la violencia contra las mujeres como un tema prioritario de su agenda. Le instamos tambi\u00e9n a que termine de saldar las insuficiencias que tiene en el cumplimiento de las Recomendaciones hechas por el Comit\u00e9 de Seguimiento de la Convenci\u00f3n para la Eliminaci\u00f3n de Todas las Formas de Discriminaci\u00f3n contra la Mujer (CEDAW)\u201d, declar\u00f3 Tania Reneaum, Directora Ejecutiva de AI M\u00e9xico.<\/p>\n\n\n\n<p>La activista a\u00f1adi\u00f3 que ve con preocupaci\u00f3n que el uso excesivo de la fuerza, las detenciones arbitrarias y las agresiones sexuales, efectuadas por diversas corporaciones policiales, \u201chan sido una constante en las manifestaciones de mujeres realizadas en la Ciudad de M\u00e9xico, Estado de M\u00e9xico, Guanajuato, Culiac\u00e1n, Chihuahua, y m\u00e1s recientemente en Canc\u00fan\u201d.<\/p>\n\n\n\n<p>Por lo anterior, exigi\u00f3 que se esclarezcan \u201ctodos esos lamentables hechos y, luego de una investigaci\u00f3n profesional, se sancione a las personas funcionarias p\u00fablicas responsables. Es urgente que el Estado mexicano implemente acciones concretas que prevengan y eliminen el uso excesivo de la fuerza y las alarmantes y persistentes agresiones sexuales de elementos de las fuerzas de seguridad contra las mujeres que ejercen su leg\u00edtimo derecho a la manifestaci\u00f3n\u201d.<\/p>\n\n\n\n<p>En este contexto, AI advirti\u00f3 que la violencia contra las mujeres en M\u00e9xico \u201csigue incontenible\u201d, como lo de muestran cifras del Secretariado Ejecutivo del Sistema Nacional de Seguridad P\u00fablica (SESNSP), seg\u00fan las cuales de enero a septiembre de 2020 han sido asesinadas 2 mil 867 mujeres, lo cual arroja un promedio diario de diez mujeres, o una v\u00edctima cada dos horas y media.<\/p>\n\n\n\n<p>Tras destacar que s\u00f3lo 724 de los mencionados asesinatos se investigan actualmente como feminicidios, AI agreg\u00f3 que en el mismo periodo se han registrado 925 mil 205 llamadas al 911 por alg\u00fan incidente de violencia contra las mujeres, lo cual arroja un promedio de 3 mil 033 llamadas por d\u00eda o 126 cada hora, tambi\u00e9n de acuerdo con el SESNSP.<\/p>\n\n\n\n<p>A lo anterior se suma la intenci\u00f3n del gobierno mexicano de reducir los presupuestos a los programas destinados a atender la violencia contra las mujeres, a lo que se opuso Amnist\u00eda Internacional junto con las organizaciones Equis Justicia para las Mujeres, la Red CAMIs y la Red Nacional de Refugios.<\/p>\n\n\n\n<p>\u201cEn este contexto la conmemoraci\u00f3n del 25N en M\u00e9xico se realizar\u00e1 en medio de un panorama sombr\u00edo y nada halag\u00fce\u00f1o para las mujeres. Por ello, AI reitera una vez m\u00e1s la necesidad de que el Estado mexicano destine los recursos presupuestales necesarios y suficientes que permitan llevar adelante programas y pol\u00edticas p\u00fablicas integrales orientadas a promover la igualdad y que garanticen el derecho de las mujeres a una vida libre de violencia.<\/p>\n\n\n\n<p>\u201cAmnist\u00eda Internacional hace notar tambi\u00e9n la obligaci\u00f3n que tienen los tres niveles de gobierno, municipal, estatal y federal, de contribuir al cumplimiento de los compromisos internacionales suscritos por el Estado mexicano, para prevenir y erradicar la violencia contra las mujeres\u201d, recalc\u00f3 la organizaci\u00f3n.<\/p>\n\n\n\n<p>(Informaci\u00f3n de \u201cLa Jornada\u201d)<\/p>\n","protected":false},"excerpt":{"rendered":"<p>Redacci\u00f3n\/Zona Roja Cdmx. Ciudad de M\u00e9xico, 25 de noviembre de 2020.- La organizaci\u00f3n de derechos&hellip;<\/p>\n","protected":false},"author":2,"featured_media":20487,"comment_status":"closed","ping_status":"open","sticky":false,"template":"","format":"standard","meta":{"_lmt_disableupdate":"","_lmt_disable":"","_jetpack_memberships_contains_paid_content":false,"footnotes":""},"categories":[109,47],"tags":[2248,2249],"class_list":["post-20486","post","type-post","status-publish","format-standard","has-post-thumbnail","hentry","category-minuto-a-minuto","category-zona-gris","tag-amnistia-internacional-ai","tag-dia-internacional-de-eliminacion-violencia-contra-la-mujer"],"jetpack_featured_media_url":"https:\/\/zonaroja.com.mx\/wp-content\/uploads\/2020\/11\/Violencia-contra-la-mujer.jpg","jetpack_sharing_enabled":true,"_links":{"self":[{"href":"https:\/\/zonaroja.com.mx\/index.php?rest_route=\/wp\/v2\/posts\/20486","targetHints":{"allow":["GET"]}}],"collection":[{"href":"https:\/\/zonaroja.com.mx\/index.php?rest_route=\/wp\/v2\/posts"}],"about":[{"href":"https:\/\/zonaroja.com.mx\/index.php?rest_route=\/wp\/v2\/types\/post"}],"author":[{"embeddable":true,"href":"https:\/\/zonaroja.com.mx\/index.php?rest_route=\/wp\/v2\/users\/2"}],"replies":[{"embeddable":true,"href":"https:\/\/zonaroja.com.mx\/index.php?rest_route=%2Fwp%2Fv2%2Fcomments&post=20486"}],"version-history":[{"count":1,"href":"https:\/\/zonaroja.com.mx\/index.php?rest_route=\/wp\/v2\/posts\/20486\/revisions"}],"predecessor-version":[{"id":20488,"href":"https:\/\/zonaroja.com.mx\/index.php?rest_route=\/wp\/v2\/posts\/20486\/revisions\/20488"}],"wp:featuredmedia":[{"embeddable":true,"href":"https:\/\/zonaroja.com.mx\/index.php?rest_route=\/wp\/v2\/media\/20487"}],"wp:attachment":[{"href":"https:\/\/zonaroja.com.mx\/index.php?rest_route=%2Fwp%2Fv2%2Fmedia&parent=20486"}],"wp:term":[{"taxonomy":"category","embeddable":true,"href":"https:\/\/zonaroja.com.mx\/index.php?rest_route=%2Fwp%2Fv2%2Fcategories&post=20486"},{"taxonomy":"post_tag","embeddable":true,"href":"https:\/\/zonaroja.com.mx\/index.php?rest_route=%2Fwp%2Fv2%2Ftags&post=20486"}],"curies":[{"name":"wp","href":"https:\/\/api.w.org\/{rel}","templated":true}]}}