{"id":20492,"date":"2020-11-25T08:06:01","date_gmt":"2020-11-25T14:06:01","guid":{"rendered":"http:\/\/www.zonaroja.com.mx\/?p=20492"},"modified":"2020-11-25T08:06:06","modified_gmt":"2020-11-25T14:06:06","slug":"celebrara-abasto-de-letras-10-anos-de-vida-ahora-de-manera-virtual","status":"publish","type":"post","link":"https:\/\/zonaroja.com.mx\/?p=20492","title":{"rendered":"Celebrar\u00e1 \u201cAbasto de Letras\u201d 10 a\u00f1os de vida, ahora de manera virtual"},"content":{"rendered":"\n<p>Evlin Arag\u00f3n\/Zona Roja.<\/p>\n\n\n\n<p>Oaxaca de Ju\u00e1rez, Oax., 25 de noviembre de 2020.- Con todo y la pandemia, el Festival Cultural \u201cAbasto de Letras\u201d celebrar\u00e1 su d\u00e9cima edici\u00f3n. Lo har\u00e1 inevitablemente de manera digital para no ir contra de las medidas sanitarias y evitar cualquier tipo de riesgo de contagio entre las y los participantes.<\/p>\n\n\n\n<p>\u201cAbasto de Letras\u201d destaca en el \u00e1mbito cultural oaxaque\u00f1o, ya que se trata de una iniciativa que lleva la lectura a la Central de Abastos, lugar al que no muchas personas quieren ingresar debido los niveles de violencia y delincuencia que se registran en la zona.&nbsp;<\/p>\n\n\n\n<p>De acuerdo con el escritor Alejandro Aparicio Morales, uno de los organizadores y principales impulsores, el traslado del festival al mundo digital representa una oportunidad para llegar a m\u00e1s personas y difundir en mayor medida la importancia del evento que a\u00f1o con a\u00f1o se realiza frente a un p\u00fablico sumamente diverso y enriquecedor.<\/p>\n\n\n\n<p>En entrevista, explic\u00f3 que fue hace diez a\u00f1os que Martha Elena Acevedo Ram\u00edrez, locataria del mercado, decidi\u00f3 aventurarse y acercar la lectura a las familias enteras que desarrollan buena parte de su vida al interior de la zona comercial m\u00e1s grande de la entidad y en donde todas las tardes se ve a ni\u00f1as, ni\u00f1os y j\u00f3venes interactuando entre s\u00ed.&nbsp;<\/p>\n\n\n\n<p>\u201cMartitha Acevedo lleva 20 a\u00f1o promoviendo la lectura en la Central de Abasto, primero en su puesto pon\u00eda libros en donde llegaban los ni\u00f1os a leer y despu\u00e9s tuvo una biblioteca que con el apoyo de gestores culturales se volvi\u00f3 todo un festival que cuenta con el respaldo de las y los trabajadores del mercado\u201d, manifest\u00f3 Aparicio Morales.<\/p>\n\n\n\n<p>Con todas las complicaciones a las que se enfrenta un proyecto independiente, particularmente el aspecto econ\u00f3mico, el festival cumple sus primeros diez a\u00f1os, dedicando esta emisi\u00f3n a las mujeres del mercado, su trabajo y esfuerzo por mantener a sus familias.<\/p>\n\n\n\n<p>De ah\u00ed que el programa incluya conferencias que buscas acercar informaci\u00f3n a las mujeres sobre proyectos e instancias a d\u00f3nde acudir para problem\u00e1ticas espec\u00edficas, adem\u00e1s de las lecturas en voz alta de cuentos, presentaciones de libros de autores de Oaxaca y editoriales independientes, as\u00ed como talleres de elaboraci\u00f3n de adornos navide\u00f1os, sin dejar de lado la m\u00fasica a cargo de Guajiro L\u00f3pez y Tony Rodr\u00edguez.&nbsp;&nbsp;<\/p>\n\n\n\n<p>Previamente, se premiar\u00e1 a las y los participantes en el concurso del dise\u00f1o del cartel que ser\u00e1 la imagen de la feria y al cual hubo una buena respuesta por parte de la comunidad art\u00edstica que se suma a la celebraci\u00f3n de la primera d\u00e9cada de vida del festival.&nbsp;<\/p>\n\n\n\n<p>\u201cEstos diez a\u00f1os han sido todo un reto, desde convencer a los escritores a acudir a la Central de Abasto hasta el sostenerlo en materia econ\u00f3mica, ya que se trata de un proyecto independiente, aun as\u00ed ha valido la pena, el proyecto sigue, es muy reconocido en Oaxaca y cuenta con el respaldo de la comunidad\u201d, sentenci\u00f3.&nbsp;&nbsp;&nbsp;&nbsp;<\/p>\n\n\n\n<p>La edici\u00f3n del cada vez m\u00e1s consolidado festival se llevar\u00e1 a cabo los d\u00edas 26, 27 y 28 de noviembre y se transmitir\u00e1 en las p\u00e1ginas de Facebook Abasto de Letras, El Armadillo Cultural, y Astromelia Ediciones.<\/p>\n","protected":false},"excerpt":{"rendered":"<p>Evlin Arag\u00f3n\/Zona Roja. Oaxaca de Ju\u00e1rez, Oax., 25 de noviembre de 2020.- Con todo y&hellip;<\/p>\n","protected":false},"author":2,"featured_media":20493,"comment_status":"closed","ping_status":"open","sticky":false,"template":"","format":"standard","meta":{"_lmt_disableupdate":"","_lmt_disable":"","_jetpack_memberships_contains_paid_content":false,"footnotes":""},"categories":[109,46],"tags":[2250],"class_list":["post-20492","post","type-post","status-publish","format-standard","has-post-thumbnail","hentry","category-minuto-a-minuto","category-zona-blanca","tag-festival-abasto-de-letras"],"jetpack_featured_media_url":"https:\/\/zonaroja.com.mx\/wp-content\/uploads\/2020\/11\/Festival-Abasto-de-Letra.jpg","jetpack_sharing_enabled":true,"_links":{"self":[{"href":"https:\/\/zonaroja.com.mx\/index.php?rest_route=\/wp\/v2\/posts\/20492","targetHints":{"allow":["GET"]}}],"collection":[{"href":"https:\/\/zonaroja.com.mx\/index.php?rest_route=\/wp\/v2\/posts"}],"about":[{"href":"https:\/\/zonaroja.com.mx\/index.php?rest_route=\/wp\/v2\/types\/post"}],"author":[{"embeddable":true,"href":"https:\/\/zonaroja.com.mx\/index.php?rest_route=\/wp\/v2\/users\/2"}],"replies":[{"embeddable":true,"href":"https:\/\/zonaroja.com.mx\/index.php?rest_route=%2Fwp%2Fv2%2Fcomments&post=20492"}],"version-history":[{"count":1,"href":"https:\/\/zonaroja.com.mx\/index.php?rest_route=\/wp\/v2\/posts\/20492\/revisions"}],"predecessor-version":[{"id":20494,"href":"https:\/\/zonaroja.com.mx\/index.php?rest_route=\/wp\/v2\/posts\/20492\/revisions\/20494"}],"wp:featuredmedia":[{"embeddable":true,"href":"https:\/\/zonaroja.com.mx\/index.php?rest_route=\/wp\/v2\/media\/20493"}],"wp:attachment":[{"href":"https:\/\/zonaroja.com.mx\/index.php?rest_route=%2Fwp%2Fv2%2Fmedia&parent=20492"}],"wp:term":[{"taxonomy":"category","embeddable":true,"href":"https:\/\/zonaroja.com.mx\/index.php?rest_route=%2Fwp%2Fv2%2Fcategories&post=20492"},{"taxonomy":"post_tag","embeddable":true,"href":"https:\/\/zonaroja.com.mx\/index.php?rest_route=%2Fwp%2Fv2%2Ftags&post=20492"}],"curies":[{"name":"wp","href":"https:\/\/api.w.org\/{rel}","templated":true}]}}