{"id":20499,"date":"2020-11-25T13:15:18","date_gmt":"2020-11-25T19:15:18","guid":{"rendered":"https:\/\/www.zonaroja.com.mx\/?p=20499"},"modified":"2020-11-25T13:15:19","modified_gmt":"2020-11-25T19:15:19","slug":"caso-jaqueline-seis-meses-sin-justicia-violencia-politica-no-se-sanciona-en-oaxaca","status":"publish","type":"post","link":"https:\/\/zonaroja.com.mx\/?p=20499","title":{"rendered":"Caso Jaqueline: seis meses sin justicia; violencia pol\u00edtica no se sanciona en Oaxaca"},"content":{"rendered":"\n<p class=\"MsoNormal\">Evlin Arag\u00f3n\/Zona Roja. <\/p>\n\n\n\n<p class=\"MsoNormal\">Oaxaca de Ju\u00e1rez, Oax., 25 de noviembre de 2020.- \u201cHan transcurrido pr\u00e1cticamente seis meses desde que fui destituida de mi encargo como directora del Instituto Municipal de la Mujer en el municipio de Oaxaca de Ju\u00e1rez <a href=\"\/\/0\">el 27 de mayo<\/a> del presente a\u00f1o, y a\u00fan no se cuenta con una resoluci\u00f3n de fondo\u201d.<\/p>\n\n\n\n<p class=\"MsoNormal\">Son las palabras de Jaquelina Escamilla Villanueva, ex titular de la dependencia municipal quien <a href=\"\/\/1\">este mi\u00e9rcoles<\/a> denunci\u00f3 la dilaci\u00f3n con la que se ha conducido la Comisi\u00f3n del Instituto Estatal Electoral y de Participaci\u00f3n Ciudadana de Oaxaca (IEEPCO) y el Tribunal Electoral del Estado de Oaxaca (TEEO), que no han podido o querido resolver el caso de violencia pol\u00edtica denunciado en su contra y cometido por el edil Oswaldo Garc\u00eda Jarqu\u00edn.  <\/p>\n\n\n\n<p class=\"MsoNormal\">Justamente en el marco del D\u00eda Internacional de la Eliminaci\u00f3n de la Violencia contra la Mujer, la ex funcionaria pidi\u00f3 justicia a las autoridades electorales en la entidad, las cuales lament\u00f3 sigan solapando hechos de violencia pol\u00edtica contra las mujeres, pese a los avances en las legislaciones.  <\/p>\n\n\n\n<p class=\"MsoNormal\">\u201cLas autoridades locales no han sido eficientes en garantizarme el acceso a la justicia. Ya sea por ineficiencia institucional, corrupci\u00f3n, conflicto de intereses, desconocimiento o por las complejidades a las que se ha enfrentado por la nueva reforma en materia de Violencia Pol\u00edtica por Raz\u00f3n de G\u00e9nero\u201d, dijo. <\/p>\n\n\n\n<p class=\"MsoNormal\">En conferencia de prensa, Escamilla Villanueva dio a conocer que el pasado 18 de noviembre la Sala Xalapa del Tribunal Electoral del Poder Judicial de la Federaci\u00f3n inst\u00f3 a la Comisi\u00f3n del IEEPCO y al Tribunal Estatal Electoral de Oaxaca a resolver en un plazo no mayor a siete d\u00edas respecto a la situaci\u00f3n de violencia pol\u00edtica que ha enfrentado, ello ante el evidente letargo que funcionarios a cargo de llevar su caso han tenido. <\/p>\n\n\n\n<p class=\"MsoNormal\">De ah\u00ed que, con el respaldo de organizaciones de mujeres y feministas, asegur\u00f3 que se mantendr\u00e1 pendiente a la resoluci\u00f3n de justicia, la cual podr\u00eda ser un referente para que las mujeres pol\u00edticas en Oaxaca caminen con pasos seguros, sin temor a que en cualquier momento vendr\u00e1 un Oswaldo cualquiera, con sus c\u00f3mplices dispuestos a solapar la violencia.&nbsp;&nbsp;<\/p>\n\n\n\n<p class=\"MsoNormal\">Y es que, de acuerdo con la denunciante, tan clara&nbsp;ha quedado la complicidad de las autoridades que la&nbsp;carpeta de investigaci\u00f3n 16999\/FEDE\/2020 iniciada por el caso ante la Fiscal\u00eda Especializada en Delitos Electorales, de la Fiscal\u00eda General del Estado, fue otorgada al edil Oswaldo Garc\u00eda, lo cual resulta a todas luces ventajoso ilegal.&nbsp;<\/p>\n\n\n\n<p class=\"MsoNormal\">Finalmente refiri\u00f3 que, pese a la desidia y omisi\u00f3n por parte de las autoridades locales, su lucha ya dio frutos, pues se consigui\u00f3 un criterio relevante para todas las mujeres en una funci\u00f3n p\u00fablica, es decir, el reconocimiento de que las funcionarias p\u00fablicas pueden acudir a las autoridades electorales a denunciar actos de violencia pol\u00edtica en materia de g\u00e9nero su contra. <\/p>\n","protected":false},"excerpt":{"rendered":"<p>Evlin Arag\u00f3n\/Zona Roja. Oaxaca de Ju\u00e1rez, Oax., 25 de noviembre de 2020.- \u201cHan transcurrido pr\u00e1cticamente&hellip;<\/p>\n","protected":false},"author":2,"featured_media":20498,"comment_status":"closed","ping_status":"open","sticky":false,"template":"","format":"standard","meta":{"_lmt_disableupdate":"","_lmt_disable":"","_jetpack_memberships_contains_paid_content":false,"footnotes":""},"categories":[109,47],"tags":[244],"class_list":["post-20499","post","type-post","status-publish","format-standard","has-post-thumbnail","hentry","category-minuto-a-minuto","category-zona-gris","tag-jaqueline-escamilla-villanueva"],"jetpack_featured_media_url":"https:\/\/zonaroja.com.mx\/wp-content\/uploads\/2020\/11\/97fdc733-14e8-4dc4-a3f5-d8e582027154.jpg","jetpack_sharing_enabled":true,"_links":{"self":[{"href":"https:\/\/zonaroja.com.mx\/index.php?rest_route=\/wp\/v2\/posts\/20499","targetHints":{"allow":["GET"]}}],"collection":[{"href":"https:\/\/zonaroja.com.mx\/index.php?rest_route=\/wp\/v2\/posts"}],"about":[{"href":"https:\/\/zonaroja.com.mx\/index.php?rest_route=\/wp\/v2\/types\/post"}],"author":[{"embeddable":true,"href":"https:\/\/zonaroja.com.mx\/index.php?rest_route=\/wp\/v2\/users\/2"}],"replies":[{"embeddable":true,"href":"https:\/\/zonaroja.com.mx\/index.php?rest_route=%2Fwp%2Fv2%2Fcomments&post=20499"}],"version-history":[{"count":1,"href":"https:\/\/zonaroja.com.mx\/index.php?rest_route=\/wp\/v2\/posts\/20499\/revisions"}],"predecessor-version":[{"id":20500,"href":"https:\/\/zonaroja.com.mx\/index.php?rest_route=\/wp\/v2\/posts\/20499\/revisions\/20500"}],"wp:featuredmedia":[{"embeddable":true,"href":"https:\/\/zonaroja.com.mx\/index.php?rest_route=\/wp\/v2\/media\/20498"}],"wp:attachment":[{"href":"https:\/\/zonaroja.com.mx\/index.php?rest_route=%2Fwp%2Fv2%2Fmedia&parent=20499"}],"wp:term":[{"taxonomy":"category","embeddable":true,"href":"https:\/\/zonaroja.com.mx\/index.php?rest_route=%2Fwp%2Fv2%2Fcategories&post=20499"},{"taxonomy":"post_tag","embeddable":true,"href":"https:\/\/zonaroja.com.mx\/index.php?rest_route=%2Fwp%2Fv2%2Ftags&post=20499"}],"curies":[{"name":"wp","href":"https:\/\/api.w.org\/{rel}","templated":true}]}}