{"id":2050,"date":"2019-07-05T22:26:58","date_gmt":"2019-07-06T03:26:58","guid":{"rendered":"http:\/\/www.zonaroja.com.mx\/?p=2050"},"modified":"2019-07-05T22:27:00","modified_gmt":"2019-07-06T03:27:00","slug":"enesimo-dia-rojo-un-muerto-a-balazos-y-ataques-armados-en-istmo","status":"publish","type":"post","link":"https:\/\/zonaroja.com.mx\/?p=2050","title":{"rendered":"En\u00e9simo d\u00eda rojo: un muerto a balazos y ataques armados en Istmo"},"content":{"rendered":"\n<p>Ismael\nGarc\u00eda M.<\/p>\n\n\n\n<p>Oaxaca de\nJu\u00e1rez, Oax., 5 de julio de 2019.- En el und\u00e9cimo d\u00eda del nuevo titular de la\nSecretar\u00eda de Seguridad P\u00fablica y el tercero de nuevo mando en la Polic\u00eda\nEstatal, se registraron un homicidio, un asalto y dos ataques a balazos en el\nIstmo, y tres polic\u00edas apu\u00f1alados en la Mixteca.<\/p>\n\n\n\n<p>Este\nviernes, en Santa Mar\u00eda Mixtequilla falleci\u00f3 uno de los dos individuos\nagredidos por arma de fuego ayer por la tarde, en el exterior de un bar; la\nv\u00edctima fue identificada como Antonio Pe\u00f1a, mientras que a\u00fan convalece Eduardo\nP. O.<\/p>\n\n\n\n<p>Hasta el\nmomento no hay personas detenidas por esos hechos.<\/p>\n\n\n\n<p>En el Istmo,\npor la ma\u00f1ana se suscitaron disparos de arma de fuego en El Espinal, municipio\nconurbado a Juchit\u00e1n de Zaragoza, lo que dej\u00f3 como saldo una persona lesionada,\nidentificada como Carlos I. De los agresores tampoco se tuvo conocimiento, pese\na los patrullajes de b\u00fasqueda.<\/p>\n\n\n\n<p>En Uni\u00f3n\nHidalgo, durante la tarde de este viernes fue asaltado una tienda denominada \u201cNeto\u201d,\nubicada en el centro de dicha poblaci\u00f3n; a\u00fan se desconoce el monto del hurto,\nperpetrado por un solitario individuo.<\/p>\n\n\n\n<p>Tambi\u00e9n hoy\npero en Huajuapan de Le\u00f3n, tres polic\u00edas municipales resultaron lesionados con\narma blanca, cuando intentaron detener a una persona que agred\u00eda a una mujer;\nlos hechos sucedieron en la calle Hidalgo, entre Micaela Galindo y Allende; el\nagresor s\u00ed fue detenido.<\/p>\n\n\n\n<p>Mientras que\nel jueves cerca de la medianoche, se registr\u00f3 otro ataque armado en la\ncomunidad de Lagunas, del municipio de El Barrio La Soledad.<\/p>\n\n\n\n<p>El incidente\nviolento ocurri\u00f3 sobre la calle 25 de Diciembre en la colonia Progreso, donde\npresuntamente un grupo armado a bordo de varios veh\u00edculos dispar\u00f3 en contra de\nun veh\u00edculo y varias viviendas, sin que se registraran v\u00edctimas.<\/p>\n\n\n\n<p>Por otra\nparte, en la ciudad de Oaxaca falleci\u00f3 un presunto indigente, por causas hasta\nahora desconocidas. El cuerpo se localiz\u00f3 en la segunda calle de Guerrero, en\nel Centro Hist\u00f3rico, a un costado del templo de San Agust\u00edn y a una cuadra y\nmedia del z\u00f3calo.<\/p>\n","protected":false},"excerpt":{"rendered":"<p>Ismael Garc\u00eda M. Oaxaca de Ju\u00e1rez, Oax., 5 de julio de 2019.- En el und\u00e9cimo&hellip;<\/p>\n","protected":false},"author":2,"featured_media":2051,"comment_status":"closed","ping_status":"open","sticky":false,"template":"","format":"standard","meta":{"_lmt_disableupdate":"","_lmt_disable":"","_jetpack_memberships_contains_paid_content":false,"footnotes":""},"categories":[51],"tags":[],"class_list":["post-2050","post","type-post","status-publish","format-standard","has-post-thumbnail","hentry","category-zona-roja"],"jetpack_featured_media_url":"https:\/\/zonaroja.com.mx\/wp-content\/uploads\/2019\/07\/d5172cd0-7ce2-4213-ba97-e9cd9365ad68.jpg","jetpack_sharing_enabled":true,"_links":{"self":[{"href":"https:\/\/zonaroja.com.mx\/index.php?rest_route=\/wp\/v2\/posts\/2050","targetHints":{"allow":["GET"]}}],"collection":[{"href":"https:\/\/zonaroja.com.mx\/index.php?rest_route=\/wp\/v2\/posts"}],"about":[{"href":"https:\/\/zonaroja.com.mx\/index.php?rest_route=\/wp\/v2\/types\/post"}],"author":[{"embeddable":true,"href":"https:\/\/zonaroja.com.mx\/index.php?rest_route=\/wp\/v2\/users\/2"}],"replies":[{"embeddable":true,"href":"https:\/\/zonaroja.com.mx\/index.php?rest_route=%2Fwp%2Fv2%2Fcomments&post=2050"}],"version-history":[{"count":1,"href":"https:\/\/zonaroja.com.mx\/index.php?rest_route=\/wp\/v2\/posts\/2050\/revisions"}],"predecessor-version":[{"id":2052,"href":"https:\/\/zonaroja.com.mx\/index.php?rest_route=\/wp\/v2\/posts\/2050\/revisions\/2052"}],"wp:featuredmedia":[{"embeddable":true,"href":"https:\/\/zonaroja.com.mx\/index.php?rest_route=\/wp\/v2\/media\/2051"}],"wp:attachment":[{"href":"https:\/\/zonaroja.com.mx\/index.php?rest_route=%2Fwp%2Fv2%2Fmedia&parent=2050"}],"wp:term":[{"taxonomy":"category","embeddable":true,"href":"https:\/\/zonaroja.com.mx\/index.php?rest_route=%2Fwp%2Fv2%2Fcategories&post=2050"},{"taxonomy":"post_tag","embeddable":true,"href":"https:\/\/zonaroja.com.mx\/index.php?rest_route=%2Fwp%2Fv2%2Ftags&post=2050"}],"curies":[{"name":"wp","href":"https:\/\/api.w.org\/{rel}","templated":true}]}}