{"id":20505,"date":"2020-11-25T17:21:38","date_gmt":"2020-11-25T23:21:38","guid":{"rendered":"http:\/\/www.zonaroja.com.mx\/?p=20505"},"modified":"2020-11-25T17:21:42","modified_gmt":"2020-11-25T23:21:42","slug":"aprueba-congreso-comparecencia-del-fiscal-de-oaxaca-por-enesima-vez","status":"publish","type":"post","link":"https:\/\/zonaroja.com.mx\/?p=20505","title":{"rendered":"Aprueba Congreso comparecencia del fiscal de Oaxaca, por en\u00e9sima vez"},"content":{"rendered":"\n<p>Redacci\u00f3n\/Zona Roja.<\/p>\n\n\n\n<p>Oaxaca de Ju\u00e1rez, Oax., 25 de noviembre de 2020.- Por en\u00e9sima ocasi\u00f3n, la 64 Legislatura del Congreso de Oaxaca, aprob\u00f3 la comparecencia del fiscal Rub\u00e9n Vasconcelos M\u00e9ndez, ahora por el caso de Mar\u00eda del Sol Cruz Jarqu\u00edn.<\/p>\n\n\n\n<p>La proposici\u00f3n con Punto de Acuerdo, fue presentada por la diputada Magaly L\u00f3pez Dom\u00ednguez, del Partido Morena, ante las m\u00faltiples anomal\u00edas de Fiscal General del Estado en el caso citado.<\/p>\n\n\n\n<p>Con 20 votos a favor fue avalado que el funcionario responda sobre las omisiones de la instituci\u00f3n a su cargo en las investigaciones relacionadas con el asesinato de la fotoperiodista Mar\u00eda del Sol Cruz Jarqu\u00edn.<\/p>\n\n\n\n<p>Record\u00f3 que el martes 23 de noviembre, la periodista Soledad Jarqu\u00edn Edgar tom\u00f3 la palabra en la conferencia matutina del Presidente Andr\u00e9s Manuel L\u00f3pez Obrador, a quien solicit\u00f3 intervenir para que se haga justicia sobre el caso de su hija, la fotoperiodista Mar\u00eda del Sol, asesinada el 2 de junio de 2018, junto con la candidata Pamela Ter\u00e1n Pineda y el chofer de \u00e9sta, Adelfo Guerra Jim\u00e9nez.<\/p>\n\n\n\n<figure class=\"wp-block-embed-twitter wp-block-embed is-type-rich is-provider-twitter\"><div class=\"wp-block-embed__wrapper\">\n<div class=\"twitter-tweet\"><blockquote class=\"twitter-tweet\" data-lang=\"es\"><p lang=\"es\" dir=\"ltr\"><a href=\"https:\/\/twitter.com\/hashtag\/%C3%9AltimoMinuto?src=hash&amp;ref_src=twsrc%5Etfw\">#\u00daltimoMinuto<\/a> <br>(1) La diputada <a href=\"https:\/\/twitter.com\/Magaly_LopezOax?ref_src=twsrc%5Etfw\">@Magaly_LopezOax<\/a> present\u00f3 hoy un Punto de Acuerdo para la comparecencia del titular de la <a href=\"https:\/\/twitter.com\/FISCALIA_GobOax?ref_src=twsrc%5Etfw\">@FISCALIA_GobOax<\/a>, <a href=\"https:\/\/twitter.com\/RVasconcelosM?ref_src=twsrc%5Etfw\">@RVasconcelosM<\/a>, debido a las graves omisiones en las indagatorias del caso Mar\u00eda del Sol Cruz Jarqu\u00edn. <a href=\"https:\/\/t.co\/EPMUOrfI74\">pic.twitter.com\/EPMUOrfI74<\/a><\/p>&mdash; Zona Roja Oaxaca (@MexRoja) <a href=\"https:\/\/twitter.com\/MexRoja\/status\/1331690521308377088?ref_src=twsrc%5Etfw\">25 de noviembre de 2020<\/a><\/blockquote><\/div>\n<\/div><\/figure>\n\n\n\n<p>Magaly L\u00f3pez expuso que es imposible de justificar que sea necesario apelar al poder presidencial para solucionar un asunto que debi\u00f3 ser abordado por las autoridades locales, que evidentemente apelan a la impunidad.&nbsp;<\/p>\n\n\n\n<p>En su intervenci\u00f3n en tribuna, indic\u00f3 que este caso debi\u00f3 ser resuelto en el \u00e1mbito local, sin embargo, el fiscal no hace su trabajo. Relat\u00f3 que hace unos meses, al cumplirse dos a\u00f1os del asesinato, present\u00f3 a la Diputaci\u00f3n local, la proposici\u00f3n con Punto de Acuerdo, que consider\u00f3 hoy es necesario reiterar ante la inacci\u00f3n de la justicia.<\/p>\n\n\n\n<p>Explic\u00f3 que incluso el propio Poder Judicial del Estado hab\u00eda advertido las pifias del fiscal Rub\u00e9n Vasconcelos, al se\u00f1alar que\u00a0 no investig\u00f3 con perspectiva de g\u00e9nero, considerando el asesinato como un hecho aislado que no toma en cuenta el contexto pol\u00edtico-electoral, ni el robo, lo que deriv\u00f3 entonces en\u00a0 tres procesos judicializados aislados.<\/p>\n\n\n\n<figure class=\"wp-block-embed-twitter wp-block-embed is-type-rich is-provider-twitter\"><div class=\"wp-block-embed__wrapper\">\n<div class=\"twitter-tweet\"><blockquote class=\"twitter-tweet\" data-lang=\"es\"><p lang=\"es\" dir=\"ltr\"><a href=\"https:\/\/twitter.com\/hashtag\/%C3%9AltimoMinuto?src=hash&amp;ref_src=twsrc%5Etfw\">#\u00daltimoMinuto<\/a> <br>(2) Con 20 votos a favor fue aprobado el Punto de Acuerdo de la diputada <a href=\"https:\/\/twitter.com\/Magaly_LopezOax?ref_src=twsrc%5Etfw\">@Magaly_LopezOax<\/a>; la fecha de la comparecencia del fiscal <a href=\"https:\/\/twitter.com\/RVasconcelosM?ref_src=twsrc%5Etfw\">@RVasconcelosM<\/a> la definir\u00e1 la Junta de la Coordinaci\u00f3n Pol\u00edtica del <a href=\"https:\/\/twitter.com\/CongresoOaxLXIV?ref_src=twsrc%5Etfw\">@CongresoOaxLXIV<\/a>. <a href=\"https:\/\/t.co\/Hvm1lqEwu3\">pic.twitter.com\/Hvm1lqEwu3<\/a><\/p>&mdash; Zona Roja Oaxaca (@MexRoja) <a href=\"https:\/\/twitter.com\/MexRoja\/status\/1331692178259775503?ref_src=twsrc%5Etfw\">25 de noviembre de 2020<\/a><\/blockquote><\/div>\n<\/div><\/figure>\n\n\n\n<p>La diputada por Morena indic\u00f3 que el nombre de Mar\u00eda del Sol Cruz Jarqu\u00edn exhibe la impunidad que en el estado de Oaxaca es generalizada, ante una Fiscal\u00eda&nbsp; que, expres\u00f3, que no cumple sus obligaciones.<\/p>\n\n\n\n<p>\u201cEl nombre de Mar\u00eda del Sol pone al descubierto una realidad lacerante y perversa obstruida por quienes deber\u00edan procurarla, y el contexto familiar sigue roto frente a instituciones que no garantizan el acceso a la justicia y que, por el contrario, pareciera que la obstaculizan para proteger a quienes han sido parte de un sistema de poder religioso, econ\u00f3mico y pol\u00edtico\u201d expres\u00f3 la legisladora.<\/p>\n\n\n\n<p>La fecha y hora en la que se realice la comparecencia del fiscal General Rub\u00e9n Vasconcelos M\u00e9ndez, ser\u00e1 definida por la Junta de Coordinaci\u00f3n Pol\u00edtica del Congreso local.<\/p>\n","protected":false},"excerpt":{"rendered":"<p>Redacci\u00f3n\/Zona Roja. Oaxaca de Ju\u00e1rez, Oax., 25 de noviembre de 2020.- Por en\u00e9sima ocasi\u00f3n, la&hellip;<\/p>\n","protected":false},"author":2,"featured_media":20506,"comment_status":"closed","ping_status":"open","sticky":false,"template":"","format":"standard","meta":{"_lmt_disableupdate":"","_lmt_disable":"","_jetpack_memberships_contains_paid_content":false,"footnotes":""},"categories":[109,47],"tags":[192],"class_list":["post-20505","post","type-post","status-publish","format-standard","has-post-thumbnail","hentry","category-minuto-a-minuto","category-zona-gris","tag-diputada-magaly-lopez-dominguez"],"jetpack_featured_media_url":"https:\/\/zonaroja.com.mx\/wp-content\/uploads\/2020\/11\/Magaly-Lopez.jpg","jetpack_sharing_enabled":true,"_links":{"self":[{"href":"https:\/\/zonaroja.com.mx\/index.php?rest_route=\/wp\/v2\/posts\/20505","targetHints":{"allow":["GET"]}}],"collection":[{"href":"https:\/\/zonaroja.com.mx\/index.php?rest_route=\/wp\/v2\/posts"}],"about":[{"href":"https:\/\/zonaroja.com.mx\/index.php?rest_route=\/wp\/v2\/types\/post"}],"author":[{"embeddable":true,"href":"https:\/\/zonaroja.com.mx\/index.php?rest_route=\/wp\/v2\/users\/2"}],"replies":[{"embeddable":true,"href":"https:\/\/zonaroja.com.mx\/index.php?rest_route=%2Fwp%2Fv2%2Fcomments&post=20505"}],"version-history":[{"count":1,"href":"https:\/\/zonaroja.com.mx\/index.php?rest_route=\/wp\/v2\/posts\/20505\/revisions"}],"predecessor-version":[{"id":20507,"href":"https:\/\/zonaroja.com.mx\/index.php?rest_route=\/wp\/v2\/posts\/20505\/revisions\/20507"}],"wp:featuredmedia":[{"embeddable":true,"href":"https:\/\/zonaroja.com.mx\/index.php?rest_route=\/wp\/v2\/media\/20506"}],"wp:attachment":[{"href":"https:\/\/zonaroja.com.mx\/index.php?rest_route=%2Fwp%2Fv2%2Fmedia&parent=20505"}],"wp:term":[{"taxonomy":"category","embeddable":true,"href":"https:\/\/zonaroja.com.mx\/index.php?rest_route=%2Fwp%2Fv2%2Fcategories&post=20505"},{"taxonomy":"post_tag","embeddable":true,"href":"https:\/\/zonaroja.com.mx\/index.php?rest_route=%2Fwp%2Fv2%2Ftags&post=20505"}],"curies":[{"name":"wp","href":"https:\/\/api.w.org\/{rel}","templated":true}]}}