{"id":20511,"date":"2020-11-25T20:41:31","date_gmt":"2020-11-26T02:41:31","guid":{"rendered":"http:\/\/www.zonaroja.com.mx\/?p=20511"},"modified":"2020-11-25T20:41:36","modified_gmt":"2020-11-26T02:41:36","slug":"pide-congreso-a-fgr-castigar-delitos-de-lesa-humanidad-de-2006","status":"publish","type":"post","link":"https:\/\/zonaroja.com.mx\/?p=20511","title":{"rendered":"Pide Congreso a FGR castigar delitos de lesa humanidad de 2006"},"content":{"rendered":"\n<p>Redacci\u00f3n\/Zona Roja.<\/p>\n\n\n\n<p>Oaxaca de Ju\u00e1rez, Oax.- 25 de noviembre de 2020.- A propuesta de la fracci\u00f3n parlamentaria del Partido Morena, el Congreso de Oaxaca aprob\u00f3 hoy un exhorto dirigido a la Fiscal\u00eda General de la Rep\u00fablica (FGR), para que investigue y busque sancionar los delitos cometidos durante el conflicto de 2006, en el sexenio de Ulises Ruiz Ortiz.<\/p>\n\n\n\n<p>El documento fue le\u00eddo por el diputado Horacio Sosa Villavicencio, quien expuso que a 14 a\u00f1os de distancia, se busca solucionar en definitiva asuntos relacionados con los cr\u00edmenes de Estado cometidos por ex servidores p\u00fablicos que fungieron como operadores de la represi\u00f3n ordenada en contra del movimiento social y magisterial.<\/p>\n\n\n\n<p>El llamado se hizo patente al titular de la FGR, Alejandro Gertz Manero, para que realice las investigaciones necesarias y finque las responsabilidades a que haya lugar en contra del ex secretario General de Gobierno, Jorge Franco Vargas, por delitos y violaciones graves a los derechos humanos cometidos como parte de la represi\u00f3n gubernamental.<\/p>\n\n\n\n<p>Tambi\u00e9n, para que investigue y sancione a los fiscales generales del estado de Oaxaca, por omisiones para investigar los delitos cometidos por servidores p\u00fablicos en este mismo periodo.<\/p>\n\n\n\n<p>Al titular del Poder Ejecutivo del Estado le exigieron separar, de manera inmediata de sus cargos, a funcionarios que participaron en estos hechos, varios de los cuales hoy forman parte de su gabinete.<\/p>\n\n\n\n<figure class=\"wp-block-embed-twitter wp-block-embed is-type-rich is-provider-twitter\"><div class=\"wp-block-embed__wrapper\">\n<div class=\"twitter-tweet\"><blockquote class=\"twitter-tweet\" data-lang=\"es\"><p lang=\"es\" dir=\"ltr\"><a href=\"https:\/\/twitter.com\/hashtag\/%C3%9AltimoMinuto?src=hash&amp;ref_src=twsrc%5Etfw\">#\u00daltimoMinuto<\/a> <br>A nombre de la fracci\u00f3n parlamentaria de Morena, el diputado <a href=\"https:\/\/twitter.com\/HoracioSosaOax?ref_src=twsrc%5Etfw\">@HoracioSosaOax<\/a> present\u00f3 un exhorto a la <a href=\"https:\/\/twitter.com\/FGRMexico?ref_src=twsrc%5Etfw\">@FGRMexico<\/a>, para que indague y castigue delitos de 2006 y sus presuntos autores, entre ellos Jorge Franco Vargas. Fue avalado por el pleno. <a href=\"https:\/\/t.co\/g5lU9AngV3\">pic.twitter.com\/g5lU9AngV3<\/a><\/p>&mdash; Zona Roja Oaxaca (@MexRoja) <a href=\"https:\/\/twitter.com\/MexRoja\/status\/1331702532977123330?ref_src=twsrc%5Etfw\">25 de noviembre de 2020<\/a><\/blockquote><\/div>\n<\/div><\/figure>\n\n\n\n<p>Asimismo a que, en el \u00e1mbito de sus facultades, evite la integraci\u00f3n a su gabinete de personajes como Jorge Franco Vargas, facilitando as\u00ed el acceso a la justicia para que se castigue a los responsables por hechos de sangre y otros, durante el conflicto social.<\/p>\n\n\n\n<p>Resolutivos de la Suprema Corte de Justicia de la Naci\u00f3n, determinaron que las autoridades oaxaque\u00f1as de aquel entonces, empezando por el ex gobernador, Ulises Ruiz Ortiz, cometieron graves violaciones a las garant\u00edas constitucionales de la poblaci\u00f3n.<\/p>\n\n\n\n<p>El m\u00e1ximo tribunal dio cuenta de que se cometieron homicidios producidos por armas de fuego en contra de manifestantes durante las marchas del magisterio, y por heridas causadas con arma de fuego en contra de personas que se encontraban participando en las \u201cbarricadas\u201d.<\/p>\n\n\n\n<p>El exhorto, avalado por la mayor\u00eda de legisladores y legisladoras, como de obvia y urgente resoluci\u00f3n, se aprob\u00f3 en ocasi\u00f3n de la conmemoraci\u00f3n de la represi\u00f3n cometida en contra el movimiento magisterial y popular, durante la s\u00e9ptima megamarcha realizada el 25 de noviembre del a\u00f1o 2006, hecho que produjo decenas de detenidos, presos y perseguidos pol\u00edticos.<\/p>\n\n\n\n<p>Durante la sesi\u00f3n ordinaria de este mi\u00e9rcoles 25 de noviembre, los asistentes guardaron un minuto de silencio en conmemoraci\u00f3n del D\u00eda Internacional de la Erradicaci\u00f3n de la Violencia contra las Mujeres.<\/p>\n","protected":false},"excerpt":{"rendered":"<p>Redacci\u00f3n\/Zona Roja. Oaxaca de Ju\u00e1rez, Oax.- 25 de noviembre de 2020.- A propuesta de la&hellip;<\/p>\n","protected":false},"author":2,"featured_media":20512,"comment_status":"closed","ping_status":"open","sticky":false,"template":"","format":"standard","meta":{"_lmt_disableupdate":"","_lmt_disable":"","_jetpack_memberships_contains_paid_content":false,"footnotes":""},"categories":[109,46],"tags":[444],"class_list":["post-20511","post","type-post","status-publish","format-standard","has-post-thumbnail","hentry","category-minuto-a-minuto","category-zona-blanca","tag-horacio-sosa-villavicencio"],"jetpack_featured_media_url":"https:\/\/zonaroja.com.mx\/wp-content\/uploads\/2020\/11\/Horacio-Sosa-V.jpg","jetpack_sharing_enabled":true,"_links":{"self":[{"href":"https:\/\/zonaroja.com.mx\/index.php?rest_route=\/wp\/v2\/posts\/20511","targetHints":{"allow":["GET"]}}],"collection":[{"href":"https:\/\/zonaroja.com.mx\/index.php?rest_route=\/wp\/v2\/posts"}],"about":[{"href":"https:\/\/zonaroja.com.mx\/index.php?rest_route=\/wp\/v2\/types\/post"}],"author":[{"embeddable":true,"href":"https:\/\/zonaroja.com.mx\/index.php?rest_route=\/wp\/v2\/users\/2"}],"replies":[{"embeddable":true,"href":"https:\/\/zonaroja.com.mx\/index.php?rest_route=%2Fwp%2Fv2%2Fcomments&post=20511"}],"version-history":[{"count":1,"href":"https:\/\/zonaroja.com.mx\/index.php?rest_route=\/wp\/v2\/posts\/20511\/revisions"}],"predecessor-version":[{"id":20513,"href":"https:\/\/zonaroja.com.mx\/index.php?rest_route=\/wp\/v2\/posts\/20511\/revisions\/20513"}],"wp:featuredmedia":[{"embeddable":true,"href":"https:\/\/zonaroja.com.mx\/index.php?rest_route=\/wp\/v2\/media\/20512"}],"wp:attachment":[{"href":"https:\/\/zonaroja.com.mx\/index.php?rest_route=%2Fwp%2Fv2%2Fmedia&parent=20511"}],"wp:term":[{"taxonomy":"category","embeddable":true,"href":"https:\/\/zonaroja.com.mx\/index.php?rest_route=%2Fwp%2Fv2%2Fcategories&post=20511"},{"taxonomy":"post_tag","embeddable":true,"href":"https:\/\/zonaroja.com.mx\/index.php?rest_route=%2Fwp%2Fv2%2Ftags&post=20511"}],"curies":[{"name":"wp","href":"https:\/\/api.w.org\/{rel}","templated":true}]}}