{"id":20514,"date":"2020-11-25T22:10:22","date_gmt":"2020-11-26T04:10:22","guid":{"rendered":"http:\/\/www.zonaroja.com.mx\/?p=20514"},"modified":"2020-11-25T22:10:26","modified_gmt":"2020-11-26T04:10:26","slug":"burocratas-del-stpeidceo-protestan-contra-imposiciones-rumbo-a-elecciones","status":"publish","type":"post","link":"https:\/\/zonaroja.com.mx\/?p=20514","title":{"rendered":"Bur\u00f3cratas del STPEIDCEO protestan contra imposiciones rumbo a elecciones"},"content":{"rendered":"\n<p>Yuridiana Sosa\/Zona Roja.<\/p>\n\n\n\n<p>Oaxaca de Ju\u00e1rez, Oax., 25 de noviembre de 2020.- Integrantes Sindicato de Trabajadores de los Poderes del Estado e Instituciones Descentralizadas de Car\u00e1cter Estatal de Oaxaca (STPEIDCEO) protestaron frente a Palacio de Gobierno para exigir al gobernador Alejandro Murat que sus funcionarios no intervengan en la elecci\u00f3n interna.<\/p>\n\n\n\n<p>En v\u00edsperas del proceso electoral para relevo del comit\u00e9 ejecutivo, un grupo de bur\u00f3cratas se manifest\u00f3 en el z\u00f3calo de la capital, donde en rechazo a las imposiciones en las diferentes comisiones quemaron en un tambo gorras que la dirigencia entreg\u00f3 como regalos, as\u00ed como la figura de cart\u00f3n de un cerdo.<\/p>\n\n\n\n<p>Los inconformes denunciaron al Gobernador del Estado que el secretario de Administraci\u00f3n, Germ\u00e1n Espinosa Santib\u00e1\u00f1ez, est\u00e1 involucrado en las decisiones de la vida pol\u00edtica interna del sindicato, quien, en complicidad con el secretario general, Juan Ignacio Cruz Villavicencio tratan de imponer a los nuevos dirigentes.<\/p>\n\n\n\n<figure class=\"wp-block-embed-twitter wp-block-embed is-type-rich is-provider-twitter\"><div class=\"wp-block-embed__wrapper\">\n<div class=\"twitter-tweet\"><blockquote class=\"twitter-tweet\" data-lang=\"es\"><p lang=\"es\" dir=\"ltr\">(a) Trabajadores afiliados al <a href=\"https:\/\/twitter.com\/STPEIDCEO18_21?ref_src=twsrc%5Etfw\">@STPEIDCEO18_21<\/a> protestaron hoy en el z\u00f3calo de la ciudad de Oaxaca para exigir al gobierno estatal que la <a href=\"https:\/\/twitter.com\/Admon_GobOax?ref_src=twsrc%5Etfw\">@Admon_GobOax<\/a> no se entrometa en la renovaci\u00f3n del comit\u00e9 ejecutivo ni haya imposiciones. <a href=\"https:\/\/t.co\/dWLFOFXHvr\">pic.twitter.com\/dWLFOFXHvr<\/a><\/p>&mdash; Zona Roja Oaxaca (@MexRoja) <a href=\"https:\/\/twitter.com\/MexRoja\/status\/1331805683725942785?ref_src=twsrc%5Etfw\">26 de noviembre de 2020<\/a><\/blockquote><\/div>\n<\/div><\/figure>\n\n\n\n<p>\u201cNo a los procesos arbitrarios, a fuera la mano de los funcionarios\u201d, gritaron en consigna los trabajadores, quienes tambi\u00e9n exigen rendici\u00f3n de cuentas de por lo menos 56 millones de pesos que ingresan por las cuotas sindicales.<\/p>\n\n\n\n<p>\u201cNos compran gorras, pero son para manipular una elecci\u00f3n para proponer a su planilla\u201d, acusaron los bur\u00f3cratas al referir que el color no es el institucional.<\/p>\n\n\n\n<p>Seg\u00fan los trabajadores, desde el inicio de la contingencia propusieron que el dinero de las cuotas fuera invertido para ayudar al personal m\u00e9dico del sector salud de Oaxaca, lo cual no fue considerado por el comit\u00e9 ejecutivo, pero a su vez desconocen el destino de ese recurso.<\/p>\n\n\n\n<figure class=\"wp-block-embed-twitter wp-block-embed is-type-rich is-provider-twitter\"><div class=\"wp-block-embed__wrapper\">\n<div class=\"twitter-tweet\"><blockquote class=\"twitter-tweet\" data-lang=\"es\"><p lang=\"es\" dir=\"ltr\">(b) Durante su protesta, quemaron gorras del sindicato de bur\u00f3cratas de Oaxaca y demandaron al a\u00fan dirigente, Juan Ignacio Cruz Villavicencio, no entrometerse en el proceso electoral. <a href=\"https:\/\/t.co\/IjiIh7KOTx\">pic.twitter.com\/IjiIh7KOTx<\/a><\/p>&mdash; Zona Roja Oaxaca (@MexRoja) <a href=\"https:\/\/twitter.com\/MexRoja\/status\/1331807123660025857?ref_src=twsrc%5Etfw\">26 de noviembre de 2020<\/a><\/blockquote><\/div>\n<\/div><\/figure>\n\n\n\n<p>VIOLENCIA DE G\u00c9NERO<\/p>\n\n\n\n<p>En medio de la manifestaci\u00f3n sindical, algunas trabajadoras tambi\u00e9n denunciaron la violencia de g\u00e9nero que se vive al interior del STPEIDCEO, lo cual es ignorado por sus dirigentes y por las autoridades.<\/p>\n\n\n\n<p>Las trabajadoras expresaron que cerca del 55 por ciento de las mujeres de este sindicato sufren de violencia por acoso sexual y laboral, pero sus denuncias no son atendidas por sus autoridades inmediatas, quienes a su vez tambi\u00e9n cometen agresi\u00f3n por omisi\u00f3n.<\/p>\n","protected":false},"excerpt":{"rendered":"<p>Yuridiana Sosa\/Zona Roja. Oaxaca de Ju\u00e1rez, Oax., 25 de noviembre de 2020.- Integrantes Sindicato de&hellip;<\/p>\n","protected":false},"author":2,"featured_media":20515,"comment_status":"closed","ping_status":"open","sticky":false,"template":"","format":"standard","meta":{"_lmt_disableupdate":"","_lmt_disable":"","_jetpack_memberships_contains_paid_content":false,"footnotes":""},"categories":[109,47],"tags":[1959],"class_list":["post-20514","post","type-post","status-publish","format-standard","has-post-thumbnail","hentry","category-minuto-a-minuto","category-zona-gris","tag-sindicato-de-trabajadores-de-los-poderes-del-estado-e-instituciones-descentralizadas-de-caracter-estatal-de-oaxaca-stpeidceo"],"jetpack_featured_media_url":"https:\/\/zonaroja.com.mx\/wp-content\/uploads\/2020\/11\/STPEIDCEO-protesta.jpg","jetpack_sharing_enabled":true,"_links":{"self":[{"href":"https:\/\/zonaroja.com.mx\/index.php?rest_route=\/wp\/v2\/posts\/20514","targetHints":{"allow":["GET"]}}],"collection":[{"href":"https:\/\/zonaroja.com.mx\/index.php?rest_route=\/wp\/v2\/posts"}],"about":[{"href":"https:\/\/zonaroja.com.mx\/index.php?rest_route=\/wp\/v2\/types\/post"}],"author":[{"embeddable":true,"href":"https:\/\/zonaroja.com.mx\/index.php?rest_route=\/wp\/v2\/users\/2"}],"replies":[{"embeddable":true,"href":"https:\/\/zonaroja.com.mx\/index.php?rest_route=%2Fwp%2Fv2%2Fcomments&post=20514"}],"version-history":[{"count":1,"href":"https:\/\/zonaroja.com.mx\/index.php?rest_route=\/wp\/v2\/posts\/20514\/revisions"}],"predecessor-version":[{"id":20516,"href":"https:\/\/zonaroja.com.mx\/index.php?rest_route=\/wp\/v2\/posts\/20514\/revisions\/20516"}],"wp:featuredmedia":[{"embeddable":true,"href":"https:\/\/zonaroja.com.mx\/index.php?rest_route=\/wp\/v2\/media\/20515"}],"wp:attachment":[{"href":"https:\/\/zonaroja.com.mx\/index.php?rest_route=%2Fwp%2Fv2%2Fmedia&parent=20514"}],"wp:term":[{"taxonomy":"category","embeddable":true,"href":"https:\/\/zonaroja.com.mx\/index.php?rest_route=%2Fwp%2Fv2%2Fcategories&post=20514"},{"taxonomy":"post_tag","embeddable":true,"href":"https:\/\/zonaroja.com.mx\/index.php?rest_route=%2Fwp%2Fv2%2Ftags&post=20514"}],"curies":[{"name":"wp","href":"https:\/\/api.w.org\/{rel}","templated":true}]}}