{"id":20517,"date":"2020-11-25T22:27:07","date_gmt":"2020-11-26T04:27:07","guid":{"rendered":"http:\/\/www.zonaroja.com.mx\/?p=20517"},"modified":"2020-11-25T23:01:03","modified_gmt":"2020-11-26T05:01:03","slug":"contra-la-violencia-hacia-las-mujeres-que-responda-el-gobernador-murat","status":"publish","type":"post","link":"https:\/\/zonaroja.com.mx\/?p=20517","title":{"rendered":"Contra la violencia hacia las mujeres: que responda el gobernador Murat"},"content":{"rendered":"\n<p>Redacci\u00f3n\/Zona Roja.<\/p>\n\n\n\n<p>Oaxaca de Ju\u00e1rez, Oax., 25 de noviembre de 2020.- Oaxaca es uno de los estados donde se cometen m\u00e1s feminicidios, donde desaparecen m\u00e1s mujeres, donde la ley no act\u00faa a favor de las v\u00edctimas, donde el gobierno estatal hace o\u00eddos sordos, consider\u00f3 la secretaria General del Partido Morena en la entidad, Elizabeth Reyes Nolasco.<\/p>\n\n\n\n<p>Es el estado \u201cdonde te dicen que est\u00e1s loca en vez de brindarte ayuda, donde los funcionarios maquillan las cifras y se gastan el presupuesto para hacerse ricos, pero no para disminuir la violencia contra las mujeres.<\/p>\n\n\n\n<p>\u201cEl Congreso del Estado, con mayor\u00eda de Morena, aprob\u00f3 un presupuesto in\u00e9dito de casi nueve mil millones de pesos destinado a las acciones que el gobierno debe realizar este a\u00f1o para avanzar hacia la igualdad de g\u00e9nero.<\/p>\n\n\n\n<p>\u201cPero los feminicidios aumentan, siguen las desapariciones de mujeres, la violencia contin\u00faa desatada y la justicia no llega. \u00bfD\u00f3nde est\u00e1 ese dinero? El Gobierno del Estado y la Secretar\u00eda de las Mujeres est\u00e1n obligados a dar la cara, y responder: \u00bfqu\u00e9 ha hecho para disminuir la violencia contra las mujeres?, \u00bfd\u00f3nde qued\u00f3 el dinero que pidieron y se les concedi\u00f3 para la igualdad de g\u00e9nero?\u201d, difundi\u00f3 en un posicionamiento.<\/p>\n\n\n\n<p>Expuso que todas las mujeres han sido v\u00edctimas de alg\u00fan tipo de violencia de g\u00e9nero, la que se comete contra ellas por el hecho de ser mujeres, ya sea en el hogar, en el trabajo, en la escuela o en las calles.<\/p>\n\n\n\n<p>\u201cEste 25 de noviembre conmemoramos el D\u00eda Internacional de la Erradicaci\u00f3n de la Violencia contra la Mujer, esta lucha que en nuestro pa\u00eds, como en el resto del mundo, han sostenido incontables mujeres, muchas de ellas ca\u00eddo en esta batalla, que en el estado de Oaxaca se desarrolla en condiciones especialmente dif\u00edciles\u201d, manifest\u00f3.<\/p>\n\n\n\n<p>Reyes Nolasco confi\u00f3 en que en los discursos oficiales den a conocer acciones reales, y que no insultar\u00e1n la memoria de las mujeres que han sido v\u00edctimas de la violencia, de quienes han sido asesinadas, desaparecidas, violadas, golpeadas, humilladas.<\/p>\n\n\n\n<p>\u201cNo podemos permitirles a los funcionarios ultrajar de nuevo el coraz\u00f3n de las madres que han perdido a sus hijas, el de las hijas e hijos que han perdido a sus madres, y el de la sociedad entera que reclama justicia\u201d, expres\u00f3. <\/p>\n","protected":false},"excerpt":{"rendered":"<p>Redacci\u00f3n\/Zona Roja. Oaxaca de Ju\u00e1rez, Oax., 25 de noviembre de 2020.- Oaxaca es uno de&hellip;<\/p>\n","protected":false},"author":2,"featured_media":20518,"comment_status":"closed","ping_status":"open","sticky":false,"template":"","format":"standard","meta":{"_lmt_disableupdate":"","_lmt_disable":"","_jetpack_memberships_contains_paid_content":false,"footnotes":""},"categories":[109,46],"tags":[2149],"class_list":["post-20517","post","type-post","status-publish","format-standard","has-post-thumbnail","hentry","category-minuto-a-minuto","category-zona-blanca","tag-elizabeth-reyes-nolasco"],"jetpack_featured_media_url":"https:\/\/zonaroja.com.mx\/wp-content\/uploads\/2020\/11\/Elizabeth-Reyes-Nolasco.png","jetpack_sharing_enabled":true,"_links":{"self":[{"href":"https:\/\/zonaroja.com.mx\/index.php?rest_route=\/wp\/v2\/posts\/20517","targetHints":{"allow":["GET"]}}],"collection":[{"href":"https:\/\/zonaroja.com.mx\/index.php?rest_route=\/wp\/v2\/posts"}],"about":[{"href":"https:\/\/zonaroja.com.mx\/index.php?rest_route=\/wp\/v2\/types\/post"}],"author":[{"embeddable":true,"href":"https:\/\/zonaroja.com.mx\/index.php?rest_route=\/wp\/v2\/users\/2"}],"replies":[{"embeddable":true,"href":"https:\/\/zonaroja.com.mx\/index.php?rest_route=%2Fwp%2Fv2%2Fcomments&post=20517"}],"version-history":[{"count":2,"href":"https:\/\/zonaroja.com.mx\/index.php?rest_route=\/wp\/v2\/posts\/20517\/revisions"}],"predecessor-version":[{"id":20523,"href":"https:\/\/zonaroja.com.mx\/index.php?rest_route=\/wp\/v2\/posts\/20517\/revisions\/20523"}],"wp:featuredmedia":[{"embeddable":true,"href":"https:\/\/zonaroja.com.mx\/index.php?rest_route=\/wp\/v2\/media\/20518"}],"wp:attachment":[{"href":"https:\/\/zonaroja.com.mx\/index.php?rest_route=%2Fwp%2Fv2%2Fmedia&parent=20517"}],"wp:term":[{"taxonomy":"category","embeddable":true,"href":"https:\/\/zonaroja.com.mx\/index.php?rest_route=%2Fwp%2Fv2%2Fcategories&post=20517"},{"taxonomy":"post_tag","embeddable":true,"href":"https:\/\/zonaroja.com.mx\/index.php?rest_route=%2Fwp%2Fv2%2Ftags&post=20517"}],"curies":[{"name":"wp","href":"https:\/\/api.w.org\/{rel}","templated":true}]}}