{"id":20520,"date":"2020-11-25T22:36:07","date_gmt":"2020-11-26T04:36:07","guid":{"rendered":"http:\/\/www.zonaroja.com.mx\/?p=20520"},"modified":"2020-11-25T22:36:11","modified_gmt":"2020-11-26T04:36:11","slug":"no-cede-covid-en-oaxaca-hoy-173-nuevos-casos-y-23-decesos","status":"publish","type":"post","link":"https:\/\/zonaroja.com.mx\/?p=20520","title":{"rendered":"No cede Covid en Oaxaca: hoy 173 nuevos casos y 23 decesos"},"content":{"rendered":"\n<p>Redacci\u00f3n\/Zona Roja.<\/p>\n\n\n\n<p>Oaxaca de Ju\u00e1rez, Oax. 25 de noviembre de 2020.- Los Servicios de Salud de Oaxaca (SSO) tienen registrados este mi\u00e9rcoles 25 de noviembre, 173 nuevos casos de Covid-19, que suman 23 mil 966 acumulados en la entidad.<\/p>\n\n\n\n<p>En un comunicado, la instituci\u00f3n inform\u00f3 que se han notificado 38 mil 046 casos, de los cuales 10 mil 438 han sido negativos, tres mil 642 son sospechosos, 21 mil 446 se han recuperado, y se contabilizan 23 decesos que suman mil 887 defunciones.<\/p>\n\n\n\n<p>Se\u00f1al\u00f3 que la Jurisdicci\u00f3n Sanitaria n\u00famero uno Valles Centrales contabiliza 16 mil 058 casos confirmados y 943 defunciones, Istmo dos mil 304 y 319 defunciones, Tuxtepec mil 866 y 272 defunciones, Mixteca mil 772 y 166 defunciones, Costa mil 234 y 121 defunciones, y la Sierra 732 y 66 defunciones.<\/p>\n\n\n\n<figure class=\"wp-block-embed-twitter wp-block-embed is-type-rich is-provider-twitter\"><div class=\"wp-block-embed__wrapper\">\n<div class=\"twitter-tweet\"><blockquote class=\"twitter-tweet\" data-lang=\"es\"><p lang=\"es\" dir=\"ltr\"><a href=\"https:\/\/twitter.com\/hashtag\/%C3%9AltimoMinuto?src=hash&amp;ref_src=twsrc%5Etfw\">#\u00daltimoMinuto<\/a><br>En el caso de <a href=\"https:\/\/twitter.com\/hashtag\/Oaxaca?src=hash&amp;ref_src=twsrc%5Etfw\">#Oaxaca<\/a>, los Servicios de Salud reportaron esta noche 23 fallecimientos por Covid, para un total de mil 887; adem\u00e1s, 173 casos positivos a Covid, que da un suma de 23 mil 966 infectados.<a href=\"https:\/\/twitter.com\/hashtag\/Qu%C3%A9dateEnCasaA%C3%BAn?src=hash&amp;ref_src=twsrc%5Etfw\">#Qu\u00e9dateEnCasaA\u00fan<\/a> <a href=\"https:\/\/t.co\/X1eUmpQ8L6\">pic.twitter.com\/X1eUmpQ8L6<\/a><\/p>&mdash; Zona Roja Oaxaca (@MexRoja) <a href=\"https:\/\/twitter.com\/MexRoja\/status\/1331782469335592964?ref_src=twsrc%5Etfw\">26 de noviembre de 2020<\/a><\/blockquote><\/div>\n<\/div><\/figure>\n\n\n\n<p>Sostuvo que los 173 casos nuevos de COVID-19 se distribuyen en 55 municipios, siendo los que mayor n\u00famero presentan: Oaxaca de Ju\u00e1rez con 38, Santa Cruz Xoxocotl\u00e1n 16, Santa Luc\u00eda del Camino 10, Huajuapan de Le\u00f3n y Santa Mar\u00eda Huatulco ocho cada uno, San Sebasti\u00e1n Tutla y Ocotl\u00e1n de Morelos seis cada uno, Salina Cruz y Santa Mar\u00eda Atzompa cinco cada uno, el resto cuatro, tres, dos y un solo caso.<\/p>\n\n\n\n<p>Se\u00f1al\u00f3 que hay 639 casos activos, la Jurisdicci\u00f3n Sanitaria n\u00famero uno Valles Centrales registra 516, Costa 40, Sierra 36, Mixteca 33, Istmo 13 y Tuxtepec uno.<\/p>\n\n\n\n<p>Dijo que hay una ocupaci\u00f3n hospitalaria global para la atenci\u00f3n de pacientes con COVID-19 del 35.4%, de los cuales el 41.3% es sin ventilador y el 25% de camas con ventilador.<\/p>\n","protected":false},"excerpt":{"rendered":"<p>Redacci\u00f3n\/Zona Roja. Oaxaca de Ju\u00e1rez, Oax. 25 de noviembre de 2020.- Los Servicios de Salud&hellip;<\/p>\n","protected":false},"author":2,"featured_media":20521,"comment_status":"closed","ping_status":"open","sticky":false,"template":"","format":"standard","meta":{"_lmt_disableupdate":"","_lmt_disable":"","_jetpack_memberships_contains_paid_content":false,"footnotes":""},"categories":[109,47],"tags":[1512],"class_list":["post-20520","post","type-post","status-publish","format-standard","has-post-thumbnail","hentry","category-minuto-a-minuto","category-zona-gris","tag-coronavirus-oaxaca"],"jetpack_featured_media_url":"https:\/\/zonaroja.com.mx\/wp-content\/uploads\/2020\/11\/SSO-1-2-1.jpeg","jetpack_sharing_enabled":true,"_links":{"self":[{"href":"https:\/\/zonaroja.com.mx\/index.php?rest_route=\/wp\/v2\/posts\/20520","targetHints":{"allow":["GET"]}}],"collection":[{"href":"https:\/\/zonaroja.com.mx\/index.php?rest_route=\/wp\/v2\/posts"}],"about":[{"href":"https:\/\/zonaroja.com.mx\/index.php?rest_route=\/wp\/v2\/types\/post"}],"author":[{"embeddable":true,"href":"https:\/\/zonaroja.com.mx\/index.php?rest_route=\/wp\/v2\/users\/2"}],"replies":[{"embeddable":true,"href":"https:\/\/zonaroja.com.mx\/index.php?rest_route=%2Fwp%2Fv2%2Fcomments&post=20520"}],"version-history":[{"count":1,"href":"https:\/\/zonaroja.com.mx\/index.php?rest_route=\/wp\/v2\/posts\/20520\/revisions"}],"predecessor-version":[{"id":20522,"href":"https:\/\/zonaroja.com.mx\/index.php?rest_route=\/wp\/v2\/posts\/20520\/revisions\/20522"}],"wp:featuredmedia":[{"embeddable":true,"href":"https:\/\/zonaroja.com.mx\/index.php?rest_route=\/wp\/v2\/media\/20521"}],"wp:attachment":[{"href":"https:\/\/zonaroja.com.mx\/index.php?rest_route=%2Fwp%2Fv2%2Fmedia&parent=20520"}],"wp:term":[{"taxonomy":"category","embeddable":true,"href":"https:\/\/zonaroja.com.mx\/index.php?rest_route=%2Fwp%2Fv2%2Fcategories&post=20520"},{"taxonomy":"post_tag","embeddable":true,"href":"https:\/\/zonaroja.com.mx\/index.php?rest_route=%2Fwp%2Fv2%2Ftags&post=20520"}],"curies":[{"name":"wp","href":"https:\/\/api.w.org\/{rel}","templated":true}]}}