{"id":20526,"date":"2020-11-26T07:57:05","date_gmt":"2020-11-26T13:57:05","guid":{"rendered":"http:\/\/www.zonaroja.com.mx\/?p=20526"},"modified":"2020-11-26T07:57:08","modified_gmt":"2020-11-26T13:57:08","slug":"emite-poder-judicial-condolencias-por-fallecimiento-de-magistrado","status":"publish","type":"post","link":"https:\/\/zonaroja.com.mx\/?p=20526","title":{"rendered":"Emite Poder Judicial condolencias por fallecimiento de magistrado"},"content":{"rendered":"\n<p>Redacci\u00f3n\/Zona Roja.<\/p>\n\n\n\n<p>Oaxaca de Ju\u00e1rez, Oax., 26 de noviembre de 2020.- El Poder Judicial del Estado de Oaxaca lamenta el sensible fallecimiento del magistrado Fernando Enrique M\u00e9ndez Ortega, integrante de la Sala Constitucional y Cuarta Sala Penal del Tribunal Superior de Justicia del Estado (TSJO).<\/p>\n\n\n\n<p>Egresado de la Licenciatura en Derecho de la Universidad Aut\u00f3noma \u201cBenito Ju\u00e1rez\u201d de Oaxaca (UABJO) y con maestr\u00eda en Derecho Fiscal por la misma, se distingui\u00f3 por su trayectoria de trabajo y entrega por las mejores causas del Poder Judicial, la cual desarroll\u00f3 de manera impecable por quince a\u00f1os.<\/p>\n\n\n\n<p>En su desempe\u00f1o profesional en el \u00e1mbito del Poder Judicial fue actuario del Juzgado Primero de Distrito y secretario del Juzgado Segundo de Distrito, ambos en la ciudad de Oaxaca. En febrero del a\u00f1o 2005 se incorpor\u00f3 como secretario general de Acuerdos del Tribunal Superior de Justicia del Estado y en mayo del 2008 fue designado magistrado.<\/p>\n\n\n\n<p>En el Poder Ejecutivo ocup\u00f3, entre otros, los cargos de Agente del Ministerio P\u00fablico, asesor jur\u00eddico del Procurador General de Justicia del Estado, dictaminador en la Sala Regional del Cuerpo Consultivo Agrario con sede en Oaxaca, Secretario de la Comisi\u00f3n de L\u00edmites del Estado, Director Jur\u00eddico del Instituto de Vivienda del Estado, Subprocurador de Control de Procesos y Director Jur\u00eddico de la Secretar\u00eda General de Gobierno.<\/p>\n\n\n\n<p>Tambi\u00e9n se desempe\u00f1\u00f3 profesionalmente en el Poder Legislativo y en la academia como Director de la Facultad de Derecho y Ciencias Sociales de la Universidad Regional del Sureste (URSE).<\/p>\n\n\n\n<p>El Pleno del Tribunal Superior de Justicia y del Consejo de la Judicatura, as\u00ed como el personal de la instituci\u00f3n expresan sus m\u00e1s sentidas condolencias a su apreciable familia, colaboradores y amistades.<\/p>\n","protected":false},"excerpt":{"rendered":"<p>Redacci\u00f3n\/Zona Roja. Oaxaca de Ju\u00e1rez, Oax., 26 de noviembre de 2020.- El Poder Judicial del&hellip;<\/p>\n","protected":false},"author":2,"featured_media":20527,"comment_status":"closed","ping_status":"open","sticky":false,"template":"","format":"standard","meta":{"_lmt_disableupdate":"","_lmt_disable":"","_jetpack_memberships_contains_paid_content":false,"footnotes":""},"categories":[109,46],"tags":[223],"class_list":["post-20526","post","type-post","status-publish","format-standard","has-post-thumbnail","hentry","category-minuto-a-minuto","category-zona-blanca","tag-poder-judicial-de-oaxaca"],"jetpack_featured_media_url":"https:\/\/zonaroja.com.mx\/wp-content\/uploads\/2020\/11\/Magistrado-Fernando-Enrique-Mendez-Ortega-1.jpg","jetpack_sharing_enabled":true,"_links":{"self":[{"href":"https:\/\/zonaroja.com.mx\/index.php?rest_route=\/wp\/v2\/posts\/20526","targetHints":{"allow":["GET"]}}],"collection":[{"href":"https:\/\/zonaroja.com.mx\/index.php?rest_route=\/wp\/v2\/posts"}],"about":[{"href":"https:\/\/zonaroja.com.mx\/index.php?rest_route=\/wp\/v2\/types\/post"}],"author":[{"embeddable":true,"href":"https:\/\/zonaroja.com.mx\/index.php?rest_route=\/wp\/v2\/users\/2"}],"replies":[{"embeddable":true,"href":"https:\/\/zonaroja.com.mx\/index.php?rest_route=%2Fwp%2Fv2%2Fcomments&post=20526"}],"version-history":[{"count":1,"href":"https:\/\/zonaroja.com.mx\/index.php?rest_route=\/wp\/v2\/posts\/20526\/revisions"}],"predecessor-version":[{"id":20528,"href":"https:\/\/zonaroja.com.mx\/index.php?rest_route=\/wp\/v2\/posts\/20526\/revisions\/20528"}],"wp:featuredmedia":[{"embeddable":true,"href":"https:\/\/zonaroja.com.mx\/index.php?rest_route=\/wp\/v2\/media\/20527"}],"wp:attachment":[{"href":"https:\/\/zonaroja.com.mx\/index.php?rest_route=%2Fwp%2Fv2%2Fmedia&parent=20526"}],"wp:term":[{"taxonomy":"category","embeddable":true,"href":"https:\/\/zonaroja.com.mx\/index.php?rest_route=%2Fwp%2Fv2%2Fcategories&post=20526"},{"taxonomy":"post_tag","embeddable":true,"href":"https:\/\/zonaroja.com.mx\/index.php?rest_route=%2Fwp%2Fv2%2Ftags&post=20526"}],"curies":[{"name":"wp","href":"https:\/\/api.w.org\/{rel}","templated":true}]}}