{"id":20529,"date":"2020-11-26T08:15:29","date_gmt":"2020-11-26T14:15:29","guid":{"rendered":"http:\/\/www.zonaroja.com.mx\/?p=20529"},"modified":"2020-11-26T08:15:34","modified_gmt":"2020-11-26T14:15:34","slug":"exigen-en-congreso-investigar-presunta-corrupcion-en-tribunal-administrativo","status":"publish","type":"post","link":"https:\/\/zonaroja.com.mx\/?p=20529","title":{"rendered":"Exigen en Congreso investigar presunta corrupci\u00f3n en Tribunal Administrativo"},"content":{"rendered":"\n<p>Yuridiana Sosa\/Zona Roja.<\/p>\n\n\n\n<p>Oaxaca de Ju\u00e1rez, Oax., Oax., 25 de noviembre de 2020.- Por presuntos actos de corrupci\u00f3n cometidos en beneficio de magistrados, el diputado C\u00e9sar Morales Ni\u00f1o present\u00f3 un Punto de Acuerdo para que la Fiscal\u00eda General del Estado investigue a integrantes del Tribunal de Justicia Administrativa del Estado de Oaxaca.<\/p>\n\n\n\n<p>En sesi\u00f3n ordinaria de ayer, el diputado del Partido de Trabajo expuso ante el pleno de la 64 Legislatura local una serie de acciones ilegales registradas por dicho \u00f3rgano, por las que considera urgentes investigaciones y la separaci\u00f3n de cargos dentro de Magistrados.<\/p>\n\n\n\n<p>Entre ellos, actos negligentes y dolosos al autorizar jubilaciones cuya naturaleza era ilegal e inexistente en el marco jur\u00eddico, configur\u00e1ndose delitos contra la administraci\u00f3n de justicia.<\/p>\n\n\n\n<p>Por ello, demand\u00f3 la separaci\u00f3n inmediata de la magistrada Ana Mar\u00eda Soledad Cruz Vasconcelos y los magistrados Javier Martin Villanueva Hern\u00e1ndez, Pedro Carlos Zamora Mart\u00ednez, Abraham Santiago Soriano, Manuel Velasco Alc\u00e1ntara, Enrique Pacheco Mart\u00ednez y Ra\u00fal Palomares Palomino.<\/p>\n\n\n\n<figure class=\"wp-block-embed-twitter wp-block-embed is-type-rich is-provider-twitter\"><div class=\"wp-block-embed__wrapper\">\n<div class=\"twitter-tweet\"><blockquote class=\"twitter-tweet\" data-lang=\"es\"><p lang=\"es\" dir=\"ltr\">En la sesi\u00f3n de ayer del <a href=\"https:\/\/twitter.com\/CongresoOaxLXIV?ref_src=twsrc%5Etfw\">@CongresoOaxLXIV<\/a>, el diputado <a href=\"https:\/\/twitter.com\/cesarmoralesn?ref_src=twsrc%5Etfw\">@cesarmoralesn<\/a> denunci\u00f3 probables actos de corrupci\u00f3n en el Tribunal de Justicia Administrativa del Estado de Oaxaca, por lo que pidi\u00f3 se investiguen los hechos. <a href=\"https:\/\/t.co\/MoVQQIuumE\">pic.twitter.com\/MoVQQIuumE<\/a><\/p>&mdash; Zona Roja Oaxaca (@MexRoja) <a href=\"https:\/\/twitter.com\/MexRoja\/status\/1331963773788299269?ref_src=twsrc%5Etfw\">26 de noviembre de 2020<\/a><\/blockquote><\/div>\n<\/div><\/figure>\n\n\n\n<p>De acuerdo con informaci\u00f3n emitida por el legislador, el pleno de dicho Tribunal aprob\u00f3 el 7 de marzo de este a\u00f1o la jubilaci\u00f3n de dos Magistradas que no reun\u00edan los requisitos legales para la jubilaci\u00f3n. A una de las ex magistradas se le autoriz\u00f3 una pensi\u00f3n como Presidenta, por un monto mensual de 70 mil pesos.<\/p>\n\n\n\n<p>\u201cMientras la poblaci\u00f3n en general sufre de desempleo, sufre de falta de oportunidades, mientras la ciudadan\u00eda gana el salario m\u00ednimo, sin derecho a prestaciones\u201d, sentenci\u00f3 el diputado, quien agreg\u00f3 que las ex Magistradas solo ten\u00edan en el cargo una antig\u00fcedad efectiva y real por cinco a\u00f1os, 11 meses y 15 d\u00edas.<\/p>\n\n\n\n<p>\u201cEl Tribunal no puede argumentar que es aut\u00f3nomo para tomar ese tipo de decisiones, porque autonom\u00eda no significa impunidad, ni discrecionalidad, la autonom\u00eda debe ejercerse en el marco de la Ley; adem\u00e1s en este acto se involucran recursos p\u00fablicos, porque las pensiones autorizadas ser\u00e1n pagadas por todas y todos los oaxaque\u00f1os\u201d, expres\u00f3.<\/p>\n\n\n\n<p>Por esta situaci\u00f3n, tambi\u00e9n critic\u00f3 que si el Tribunal de Justicia Administrativa, como un integrante del Sistema Estatal del Combate a la Corrupci\u00f3n, es capaz de cometer corrupci\u00f3n, entonces, \u201c\u00bfQui\u00e9n nos cuida de la corrupci\u00f3n? \u00bfQui\u00e9n vigila los actos de corrupci\u00f3n del Tribunal anticorrupci\u00f3n?\u201d.<\/p>\n\n\n\n<p>\u00a0La propuesta fue turnada a comisiones para su an\u00e1lisis y de ser posible a su futura aprobaci\u00f3n.<\/p>\n","protected":false},"excerpt":{"rendered":"<p>Yuridiana Sosa\/Zona Roja. Oaxaca de Ju\u00e1rez, Oax., Oax., 25 de noviembre de 2020.- Por presuntos&hellip;<\/p>\n","protected":false},"author":2,"featured_media":20530,"comment_status":"closed","ping_status":"open","sticky":false,"template":"","format":"standard","meta":{"_lmt_disableupdate":"","_lmt_disable":"","_jetpack_memberships_contains_paid_content":false,"footnotes":""},"categories":[109,47],"tags":[612],"class_list":["post-20529","post","type-post","status-publish","format-standard","has-post-thumbnail","hentry","category-minuto-a-minuto","category-zona-gris","tag-cesar-morales-nino"],"jetpack_featured_media_url":"https:\/\/zonaroja.com.mx\/wp-content\/uploads\/2020\/11\/Cesar-Morales-1.jpg","jetpack_sharing_enabled":true,"_links":{"self":[{"href":"https:\/\/zonaroja.com.mx\/index.php?rest_route=\/wp\/v2\/posts\/20529","targetHints":{"allow":["GET"]}}],"collection":[{"href":"https:\/\/zonaroja.com.mx\/index.php?rest_route=\/wp\/v2\/posts"}],"about":[{"href":"https:\/\/zonaroja.com.mx\/index.php?rest_route=\/wp\/v2\/types\/post"}],"author":[{"embeddable":true,"href":"https:\/\/zonaroja.com.mx\/index.php?rest_route=\/wp\/v2\/users\/2"}],"replies":[{"embeddable":true,"href":"https:\/\/zonaroja.com.mx\/index.php?rest_route=%2Fwp%2Fv2%2Fcomments&post=20529"}],"version-history":[{"count":1,"href":"https:\/\/zonaroja.com.mx\/index.php?rest_route=\/wp\/v2\/posts\/20529\/revisions"}],"predecessor-version":[{"id":20531,"href":"https:\/\/zonaroja.com.mx\/index.php?rest_route=\/wp\/v2\/posts\/20529\/revisions\/20531"}],"wp:featuredmedia":[{"embeddable":true,"href":"https:\/\/zonaroja.com.mx\/index.php?rest_route=\/wp\/v2\/media\/20530"}],"wp:attachment":[{"href":"https:\/\/zonaroja.com.mx\/index.php?rest_route=%2Fwp%2Fv2%2Fmedia&parent=20529"}],"wp:term":[{"taxonomy":"category","embeddable":true,"href":"https:\/\/zonaroja.com.mx\/index.php?rest_route=%2Fwp%2Fv2%2Fcategories&post=20529"},{"taxonomy":"post_tag","embeddable":true,"href":"https:\/\/zonaroja.com.mx\/index.php?rest_route=%2Fwp%2Fv2%2Ftags&post=20529"}],"curies":[{"name":"wp","href":"https:\/\/api.w.org\/{rel}","templated":true}]}}