{"id":20535,"date":"2020-11-26T08:26:41","date_gmt":"2020-11-26T14:26:41","guid":{"rendered":"http:\/\/www.zonaroja.com.mx\/?p=20535"},"modified":"2020-11-26T08:26:45","modified_gmt":"2020-11-26T14:26:45","slug":"falso-discurso-del-gobernador-en-materia-de-genero-no-hay-compromiso-para-erradicar-violencia","status":"publish","type":"post","link":"https:\/\/zonaroja.com.mx\/?p=20535","title":{"rendered":"Falso discurso del gobernador en materia de g\u00e9nero; no hay compromiso para erradicar violencia"},"content":{"rendered":"\n<p>Evlin Arag\u00f3n\/Zona Roja.\u00a0<\/p>\n\n\n\n<p>Oaxaca de Ju\u00e1rez, Oax., 26 de noviembre de 2020.- La diputada local por Morena, Elisa Zepeda Lagunas, asegur\u00f3 que el gobierno de Oaxaca, encabezado por Alejandro Murat Hinojosa, no est\u00e1 interesado en erradicar la violencia de g\u00e9nero y feminicida que lamentablemente sigue al alza, a pesar de la pandemia. \u00a0<\/p>\n\n\n\n<p>As\u00ed lo dio a conocer en el marco del conversatorio organizado por el Grupo de Estudios sobre la Mujer \u201cRosario Castellanos\u201d, en el que tambi\u00e9n participaron la acad\u00e9mica Leticia Brise\u00f1o Maas y la activista Ang\u00e9lica Ayala Ortiz, quienes coincidieron en el doble discurso de la autoridad estatal. &nbsp;<\/p>\n\n\n\n<p>De acuerdo con Zepeda Lagunas, es evidente que Oaxaca permea la permisibilidad y la impunidad en torno a los feminicidios, as\u00ed como una clara intenci\u00f3n de nulificar la problem\u00e1tica a la que se enfrentan todos los d\u00edas las mujeres, muchas de las cuales salen de sus hogares y no vuelven m\u00e1s. \u00a0<\/p>\n\n\n\n<p>Prueba de ello es que en el reciente informe presentado por el gobernador, en sus m\u00e1s de 300 p\u00e1ginas, s\u00f3lo en dos ocasiones se hace menci\u00f3n de la palabra \u201cfeminicidio\u201d corroborando as\u00ed que el Ejecutivo est\u00e1 m\u00e1s preocupado por dar una imagen de gobernabilidad, que por atender la problem\u00e1tica que le arrebatado la vida a 90 mujeres en lo que va del a\u00f1o.&nbsp;&nbsp;&nbsp;<\/p>\n\n\n\n<p>\u201cLa palabra feminicidio les causa terror, pero no en s\u00ed por el hecho, sino porque no quieren nombrar algo que pueda da\u00f1ar su imagen. Solo dos veces se nombr\u00f3 la palabra feminicidio en todo su informe de m\u00e1s de 300 p\u00e1ginas y no fue para hacer referencia de las cifras reales o acciones para su erradicaci\u00f3n. De ese tama\u00f1o es la nulificaci\u00f3n de la problem\u00e1tica\u201d, dijo. &nbsp;<\/p>\n\n\n\n<p>As\u00ed mismo cuestion\u00f3 la labor de la Fiscal\u00eda General de Justicia de Oaxaca, encabezada por Rub\u00e9n Vasconcelos M\u00e9ndez, que carece de atenci\u00f3n con perspectiva de g\u00e9nero, de ah\u00ed que revictimice a las mujeres valientes que deciden romper el ciclo de la violencia y sea omisa ante los llamados de justicias que reiteradamente piden las mujeres. &nbsp;<\/p>\n\n\n\n<p>De ah\u00ed que la periodista Soledad Jarqu\u00edn tuvo que acudir a la ma\u00f1anera para evidenciar la p\u00e9sima actuaci\u00f3n de las autoridades en materia de justicia, ya que aunque dicen que dan seguimiento a las denuncias, la realidad es que mienten y dejan impunes los cr\u00edmenes de odio en contra de las mujeres.&nbsp;&nbsp;&nbsp;<\/p>\n\n\n\n<p>\u201cLo que menos necesitamos las mujeres es que nos mientan en una problem\u00e1tica que nos duele a nosotras diariamente. El gobernador y el fiscal tienen un discurso falso y eso tambi\u00e9n lastima. No podemos permitir que se nos trate a las mujeres como un tema que no es prioritario\u201d, sentenci\u00f3. &nbsp;<\/p>\n\n\n\n<p>Lo anterior fue secundado por la acad\u00e9mica Leticia Brise\u00f1o Maas, quien explic\u00f3 que lo que no se nombra y aparece de forma evidente, no existe, de ah\u00ed que cuestion\u00f3 la falta de abordaje de la violencia feminicida en el cuarto informe del gobernador de Oaxaca.&nbsp;<\/p>\n\n\n\n<p>\u201cLos gobiernos siguen pensando que el tema de la violencia de g\u00e9nero y feminicida es un tema entre particulares y no dimensionan que se trata de violaciones a los derechos humanos que deber\u00edan ser protegidos justamente por las autoridades\u201d, indic\u00f3. &nbsp;<\/p>\n\n\n\n<p>As\u00ed mismo detall\u00f3 que mientras las mujeres no aparezcan como sujetas de derecho respaldadas por pol\u00edticas p\u00fablicas que promuevan una cultura contra la violencia de g\u00e9nero y feminicida, la problem\u00e1tica continuar\u00e1 e incrementara como ya se ha visto en plena pandemia, donde lejos de disminuir los casos fueron al alza.&nbsp;<\/p>\n\n\n\n<p>Para la especialista en temas de g\u00e9nero a\u00fan con la existencia de leyes importantes en M\u00e9xico, que hay que reconocer, la violencia no desaparecer\u00e1 hasta que la impunidad deje de ser una constante en las instituciones de procuraci\u00f3n de justicia y se sancione de manera ejemplar a los agresores. &nbsp;<\/p>\n\n\n\n<p>Y es que, aunque mucho se habla de reeducar a los varones violentos, para Brise\u00f1o Maas ese proceso \u00fanicamente podr\u00eda funcionar de manera efectiva en ni\u00f1as y ni\u00f1os, mientras que en las personas que ya cometieron alg\u00fan acto violento en contra de las mujeres es necesario aplicar la normatividad para evitar la repetici\u00f3n de los casos.&nbsp;<\/p>\n\n\n\n<p>\u201cEs este momento de emergencia debido a los feminicidios, no se puede pensar en reeducar a los hombres mientras no se resuelva como sancionar a los que ya ejercen la violencia\u201d, manifest\u00f3. \u00a0<\/p>\n\n\n\n<p>Aqu\u00ed la transmisi\u00f3n:<\/p>\n\n\n\n<figure class=\"wp-block-embed\"><div class=\"wp-block-embed__wrapper\">\nhttps:\/\/m.facebook.com\/story.php?story_fbid=3525846767530720&#038;id=518741278241299\n<\/div><\/figure>\n","protected":false},"excerpt":{"rendered":"<p>Evlin Arag\u00f3n\/Zona Roja.\u00a0 Oaxaca de Ju\u00e1rez, Oax., 26 de noviembre de 2020.- La diputada local&hellip;<\/p>\n","protected":false},"author":2,"featured_media":20536,"comment_status":"closed","ping_status":"open","sticky":false,"template":"","format":"standard","meta":{"_lmt_disableupdate":"","_lmt_disable":"","_jetpack_memberships_contains_paid_content":false,"footnotes":""},"categories":[109,47],"tags":[1001],"class_list":["post-20535","post","type-post","status-publish","format-standard","has-post-thumbnail","hentry","category-minuto-a-minuto","category-zona-gris","tag-grupo-de-estudios-sobre-la-mujer-rosario-castellanos"],"jetpack_featured_media_url":"https:\/\/zonaroja.com.mx\/wp-content\/uploads\/2020\/11\/Conversatorio-GES-Mujer.png","jetpack_sharing_enabled":true,"_links":{"self":[{"href":"https:\/\/zonaroja.com.mx\/index.php?rest_route=\/wp\/v2\/posts\/20535","targetHints":{"allow":["GET"]}}],"collection":[{"href":"https:\/\/zonaroja.com.mx\/index.php?rest_route=\/wp\/v2\/posts"}],"about":[{"href":"https:\/\/zonaroja.com.mx\/index.php?rest_route=\/wp\/v2\/types\/post"}],"author":[{"embeddable":true,"href":"https:\/\/zonaroja.com.mx\/index.php?rest_route=\/wp\/v2\/users\/2"}],"replies":[{"embeddable":true,"href":"https:\/\/zonaroja.com.mx\/index.php?rest_route=%2Fwp%2Fv2%2Fcomments&post=20535"}],"version-history":[{"count":1,"href":"https:\/\/zonaroja.com.mx\/index.php?rest_route=\/wp\/v2\/posts\/20535\/revisions"}],"predecessor-version":[{"id":20537,"href":"https:\/\/zonaroja.com.mx\/index.php?rest_route=\/wp\/v2\/posts\/20535\/revisions\/20537"}],"wp:featuredmedia":[{"embeddable":true,"href":"https:\/\/zonaroja.com.mx\/index.php?rest_route=\/wp\/v2\/media\/20536"}],"wp:attachment":[{"href":"https:\/\/zonaroja.com.mx\/index.php?rest_route=%2Fwp%2Fv2%2Fmedia&parent=20535"}],"wp:term":[{"taxonomy":"category","embeddable":true,"href":"https:\/\/zonaroja.com.mx\/index.php?rest_route=%2Fwp%2Fv2%2Fcategories&post=20535"},{"taxonomy":"post_tag","embeddable":true,"href":"https:\/\/zonaroja.com.mx\/index.php?rest_route=%2Fwp%2Fv2%2Ftags&post=20535"}],"curies":[{"name":"wp","href":"https:\/\/api.w.org\/{rel}","templated":true}]}}