{"id":20538,"date":"2020-11-26T14:15:38","date_gmt":"2020-11-26T20:15:38","guid":{"rendered":"http:\/\/www.zonaroja.com.mx\/?p=20538"},"modified":"2020-11-26T14:15:43","modified_gmt":"2020-11-26T20:15:43","slug":"ante-indolencia-de-segego-pobladores-de-atitlan-cierran-planta-de-pemex","status":"publish","type":"post","link":"https:\/\/zonaroja.com.mx\/?p=20538","title":{"rendered":"Ante indolencia de Segego, pobladores de Atitl\u00e1n cierran planta de Pemex"},"content":{"rendered":"\n<p>Yuridiana Sosa\/Zona Roja.<\/p>\n\n\n\n<p>Oaxaca de Ju\u00e1rez, Oax., 26 de noviembre de 2020.- Ante la falta de atenci\u00f3n a sus demandas por parte de la Secretar\u00eda de General de Gobierno de Oaxaca, habitantes de dos agencias de Santiago Atitl\u00e1n, intensificaron sus manifestaciones con la \u201ctoma\u201d de la planta de Pemex en Santa Mar\u00eda el Tule.<\/p>\n\n\n\n<p>Por segundo d\u00eda consecutivo, este jueves los habitantes de las agencias de El Rodeo y Estancia de Morelos, en la regi\u00f3n de la Sierra Norte, se apoderaron de los accesos de la Terminal de Abastecimiento y Reparto (TAR) de Petr\u00f3leos Mexicanos, en los Valles Centrales, para exigir la entrega de sus recursos federales del Ramo 28 y 33.<\/p>\n\n\n\n<p>Luego de dos encuentros con autoridades de la Segego, para abordar el problema, los pobladores consideran que la dependencia act\u00faa en complicidad con el presidente municipal de Atitl\u00e1n, Tom\u00e1s Ortega V\u00e1squez, para no entregar el dinero correspondiente al ejercicio fiscal 2020.<\/p>\n\n\n\n<p>Uno de los representantes de la comunidad, Misael Ortega Mendoza, se\u00f1al\u00f3 que ayer mi\u00e9rcoles el edil estaba citado a una reuni\u00f3n en Ciudad Administrativa, pero no lleg\u00f3 y s\u00f3lo envi\u00f3 un oficio con la justificaci\u00f3n del atraso en la entrega del recurso, sin que la Segego actu\u00e9 en consecuencia por esa omisi\u00f3n.<\/p>\n\n\n\n<figure class=\"wp-block-embed-twitter wp-block-embed is-type-rich is-provider-twitter\"><div class=\"wp-block-embed__wrapper\">\n<div class=\"twitter-tweet\"><blockquote class=\"twitter-tweet\" data-lang=\"es\"><p lang=\"es\" dir=\"ltr\"><a href=\"https:\/\/twitter.com\/hashtag\/ENVIVO?src=hash&amp;ref_src=twsrc%5Etfw\">#ENVIVO<\/a>.<br>Santa Mar\u00eda El Tule, Oax., 26 de noviembre de 2020. Pobladores de agencias de Santiago Atitl\u00e1n mantienen su protesta, ahora en la planta de Pemex, para exigir recursos presupuestales al edil, que se ha negado a otorgarlo.<br><br>Aqu\u00ed la transmisi\u00f3n <br>\ud83d\udc47<a href=\"https:\/\/t.co\/ZCCogUdQ46\">https:\/\/t.co\/ZCCogUdQ46<\/a> <a href=\"https:\/\/t.co\/KIkhiLPCzT\">pic.twitter.com\/KIkhiLPCzT<\/a><\/p>&mdash; Zona Roja Oaxaca (@MexRoja) <a href=\"https:\/\/twitter.com\/MexRoja\/status\/1331992321521557507?ref_src=twsrc%5Etfw\">26 de noviembre de 2020<\/a><\/blockquote><\/div>\n<\/div><\/figure>\n\n\n\n<p>Las comunidades afectadas comenzaron con movilizaciones el viernes pasado en Ciudad Administrativa, en Tlalixtac de Cabrera. En ese entonces, fueron atendidos por primera vez de forma presencial, pero advirtieron de incrementar sus manifestaciones de no obtener soluciones.<\/p>\n\n\n\n<p>Para una de las comunidades, El Rodeo, el monto que no se ha pagado del Ramo 28 asciende a los 407 mil pesos, correspondiente a los pagos pendientes de enero a noviembre; por el Ramo 33, un mill\u00f3n 700 mil pesos, m\u00e1s 207 mil pesos del Fondo IV.<\/p>\n\n\n\n<p>\u201cEl reclamo tambi\u00e9n es por la traici\u00f3n a la confianza del pueblo del presidente municipal, originario de El Rodeo\u201d, indicaron manifestantes del municipio regido por Sistemas Normativos Internos.<\/p>\n\n\n\n<p>Pero adem\u00e1s reiteraron el problema de la violencia pol\u00edtica de g\u00e9nero contra las regidoras de Hacienda, Rosalinda Castillo L\u00f3pez y a la regidora de Obras, Emma Ortega Casta\u00f1eda, a quienes desde el mes de marzo el presidente las excluy\u00f3 y desconoci\u00f3. Una de ellas, tambi\u00e9n originaria de El rodeo.<\/p>\n\n\n\n<p>Los inconformes aseguraron que no se retirar\u00e1n de Pemex hasta no recibir atenci\u00f3n y soluci\u00f3n a la entrega del dinero.<\/p>\n","protected":false},"excerpt":{"rendered":"<p>Yuridiana Sosa\/Zona Roja. Oaxaca de Ju\u00e1rez, Oax., 26 de noviembre de 2020.- Ante la falta&hellip;<\/p>\n","protected":false},"author":2,"featured_media":20539,"comment_status":"closed","ping_status":"open","sticky":false,"template":"","format":"standard","meta":{"_lmt_disableupdate":"","_lmt_disable":"","_jetpack_memberships_contains_paid_content":false,"footnotes":""},"categories":[109,47],"tags":[2233],"class_list":["post-20538","post","type-post","status-publish","format-standard","has-post-thumbnail","hentry","category-minuto-a-minuto","category-zona-gris","tag-santiago-atitlan"],"jetpack_featured_media_url":"https:\/\/zonaroja.com.mx\/wp-content\/uploads\/2020\/11\/Protesta-agencias-Atitlan.jpg","jetpack_sharing_enabled":true,"_links":{"self":[{"href":"https:\/\/zonaroja.com.mx\/index.php?rest_route=\/wp\/v2\/posts\/20538","targetHints":{"allow":["GET"]}}],"collection":[{"href":"https:\/\/zonaroja.com.mx\/index.php?rest_route=\/wp\/v2\/posts"}],"about":[{"href":"https:\/\/zonaroja.com.mx\/index.php?rest_route=\/wp\/v2\/types\/post"}],"author":[{"embeddable":true,"href":"https:\/\/zonaroja.com.mx\/index.php?rest_route=\/wp\/v2\/users\/2"}],"replies":[{"embeddable":true,"href":"https:\/\/zonaroja.com.mx\/index.php?rest_route=%2Fwp%2Fv2%2Fcomments&post=20538"}],"version-history":[{"count":1,"href":"https:\/\/zonaroja.com.mx\/index.php?rest_route=\/wp\/v2\/posts\/20538\/revisions"}],"predecessor-version":[{"id":20540,"href":"https:\/\/zonaroja.com.mx\/index.php?rest_route=\/wp\/v2\/posts\/20538\/revisions\/20540"}],"wp:featuredmedia":[{"embeddable":true,"href":"https:\/\/zonaroja.com.mx\/index.php?rest_route=\/wp\/v2\/media\/20539"}],"wp:attachment":[{"href":"https:\/\/zonaroja.com.mx\/index.php?rest_route=%2Fwp%2Fv2%2Fmedia&parent=20538"}],"wp:term":[{"taxonomy":"category","embeddable":true,"href":"https:\/\/zonaroja.com.mx\/index.php?rest_route=%2Fwp%2Fv2%2Fcategories&post=20538"},{"taxonomy":"post_tag","embeddable":true,"href":"https:\/\/zonaroja.com.mx\/index.php?rest_route=%2Fwp%2Fv2%2Ftags&post=20538"}],"curies":[{"name":"wp","href":"https:\/\/api.w.org\/{rel}","templated":true}]}}