{"id":20545,"date":"2020-11-26T15:49:28","date_gmt":"2020-11-26T21:49:28","guid":{"rendered":"http:\/\/www.zonaroja.com.mx\/?p=20545"},"modified":"2020-11-26T15:49:32","modified_gmt":"2020-11-26T21:49:32","slug":"compromiso-de-la-4t-no-mas-represion-en-oaxaca-ni-en-el-pais-diputado","status":"publish","type":"post","link":"https:\/\/zonaroja.com.mx\/?p=20545","title":{"rendered":"Compromiso de la 4T: no m\u00e1s represi\u00f3n en Oaxaca, ni en el pa\u00eds: diputado"},"content":{"rendered":"\n<p>Redacci\u00f3n\/Zona Roja.<\/p>\n\n\n\n<p>Oaxaca de Ju\u00e1rez, Oax., 26 de noviembre de 2020.- A 14 a\u00f1os de la represi\u00f3n de la Polic\u00eda Federal contra el movimiento social que exig\u00eda la renuncia del gobernador Ulises Ruiz Ortiz, el diputado local de Oaxaca por Morena, Oth\u00f3n Cuevas C\u00f3rdova, record\u00f3 la impunidad por los hechos y sostuvo que en el nuevo Gobierno de M\u00e9xico no se aplicar\u00e1n actos similares.<\/p>\n\n\n\n<p>Durante su intervenci\u00f3n en la sesi\u00f3n ordinaria de la 64 legislatura, este mi\u00e9rcoles, el legislador por Morena se pronunci\u00f3 por la justicia y garantiz\u00f3 que el pa\u00eds cuenta con un gobierno que escucha y dialoga.<\/p>\n\n\n\n<p>\u201cLa sangre de quienes a costa de su libertad construyeron esta cuarta transformaci\u00f3n la hemos de tener muy presente para decir: \u00a1Nunca m\u00e1s la represi\u00f3n! \u00a1Nunca m\u00e1s un Ulises Ruiz en el Gobierno del Estado! \u00a1No m\u00e1s represi\u00f3n en Oaxaca, ni en el pa\u00eds!\u201d, se\u00f1al\u00f3 el diputado.<\/p>\n\n\n\n<p>Oth\u00f3n Cuevas no pas\u00f3 por alto la fecha conmemorativa del 25 de noviembre para quienes lucharon en el movimiento social del 2006, cuando decenas de personas fueron detenidas y agredidas injustamente por los cuerpos policiales de todos los niveles.<\/p>\n\n\n\n<figure class=\"wp-block-embed-twitter wp-block-embed is-type-rich is-provider-twitter\"><div class=\"wp-block-embed__wrapper\">\n<div class=\"twitter-tweet\"><blockquote class=\"twitter-tweet\" data-lang=\"es\"><p lang=\"es\" dir=\"ltr\">\u201cLa sangre de quienes dieron su vida, de quienes a costa de su libertad construyeron esta Cuarta Transformaci\u00f3n,la hemos de tener muy presente para decir \u00a1nunca mas la represi\u00f3n!,\u00a1nunca mas un Ulises Ruiz en el gobierno y en ning\u00fan otro espacio p\u00fablico!\u201d: <a href=\"https:\/\/twitter.com\/othoncuevas?ref_src=twsrc%5Etfw\">@othoncuevas<\/a> en tribuna. <a href=\"https:\/\/t.co\/uyS6OGJVp5\">pic.twitter.com\/uyS6OGJVp5<\/a><\/p>&mdash; Zona Roja Oaxaca (@MexRoja) <a href=\"https:\/\/twitter.com\/MexRoja\/status\/1331723084735385606?ref_src=twsrc%5Etfw\">25 de noviembre de 2020<\/a><\/blockquote><\/div>\n<\/div><\/figure>\n\n\n\n<p>Pero, adem\u00e1s, por las injusticias que se cometieron contra los que demandaban el final del gobierno Ruiz Ortiz; al menos un centenar de personas que participaron en la megamarcha de aquella fecha resultaron heridas y m\u00e1s de 130 detenidas y torturadas.<\/p>\n\n\n\n<p>La Comisi\u00f3n Nacional de Derechos Humanos (CNDH) se\u00f1al\u00f3 violaciones graves a los derechos humanos, entre estas, tortura, detenciones arbitrarias, incomunicaci\u00f3n y acceso a la justicia. En cuesti\u00f3n de horas fueron trasladadas al Penal Federal de El Rinc\u00f3n, Nayarit.<\/p>\n\n\n\n<p>Decenas de casos, siguen impunes y por los que, hasta la fecha, la poblaci\u00f3n que particip\u00f3 en las batallas exige castigo a los responsables.<\/p>\n","protected":false},"excerpt":{"rendered":"<p>Redacci\u00f3n\/Zona Roja. Oaxaca de Ju\u00e1rez, Oax., 26 de noviembre de 2020.- A 14 a\u00f1os de&hellip;<\/p>\n","protected":false},"author":2,"featured_media":20546,"comment_status":"closed","ping_status":"open","sticky":false,"template":"","format":"standard","meta":{"_lmt_disableupdate":"","_lmt_disable":"","_jetpack_memberships_contains_paid_content":false,"footnotes":""},"categories":[109,46],"tags":[1311],"class_list":["post-20545","post","type-post","status-publish","format-standard","has-post-thumbnail","hentry","category-minuto-a-minuto","category-zona-blanca","tag-othon-cuevas-cordova"],"jetpack_featured_media_url":"https:\/\/zonaroja.com.mx\/wp-content\/uploads\/2020\/11\/Othon-Cuevas-C-1.jpg","jetpack_sharing_enabled":true,"_links":{"self":[{"href":"https:\/\/zonaroja.com.mx\/index.php?rest_route=\/wp\/v2\/posts\/20545","targetHints":{"allow":["GET"]}}],"collection":[{"href":"https:\/\/zonaroja.com.mx\/index.php?rest_route=\/wp\/v2\/posts"}],"about":[{"href":"https:\/\/zonaroja.com.mx\/index.php?rest_route=\/wp\/v2\/types\/post"}],"author":[{"embeddable":true,"href":"https:\/\/zonaroja.com.mx\/index.php?rest_route=\/wp\/v2\/users\/2"}],"replies":[{"embeddable":true,"href":"https:\/\/zonaroja.com.mx\/index.php?rest_route=%2Fwp%2Fv2%2Fcomments&post=20545"}],"version-history":[{"count":1,"href":"https:\/\/zonaroja.com.mx\/index.php?rest_route=\/wp\/v2\/posts\/20545\/revisions"}],"predecessor-version":[{"id":20547,"href":"https:\/\/zonaroja.com.mx\/index.php?rest_route=\/wp\/v2\/posts\/20545\/revisions\/20547"}],"wp:featuredmedia":[{"embeddable":true,"href":"https:\/\/zonaroja.com.mx\/index.php?rest_route=\/wp\/v2\/media\/20546"}],"wp:attachment":[{"href":"https:\/\/zonaroja.com.mx\/index.php?rest_route=%2Fwp%2Fv2%2Fmedia&parent=20545"}],"wp:term":[{"taxonomy":"category","embeddable":true,"href":"https:\/\/zonaroja.com.mx\/index.php?rest_route=%2Fwp%2Fv2%2Fcategories&post=20545"},{"taxonomy":"post_tag","embeddable":true,"href":"https:\/\/zonaroja.com.mx\/index.php?rest_route=%2Fwp%2Fv2%2Ftags&post=20545"}],"curies":[{"name":"wp","href":"https:\/\/api.w.org\/{rel}","templated":true}]}}