{"id":20548,"date":"2020-11-26T18:11:21","date_gmt":"2020-11-27T00:11:21","guid":{"rendered":"http:\/\/www.zonaroja.com.mx\/?p=20548"},"modified":"2020-11-26T18:19:04","modified_gmt":"2020-11-27T00:19:04","slug":"exige-mult-justicia-por-asesinatos-de-sus-militantes-en-la-mixteca","status":"publish","type":"post","link":"https:\/\/zonaroja.com.mx\/?p=20548","title":{"rendered":"Exige MULT justicia por asesinatos de sus militantes en la Mixteca"},"content":{"rendered":"\n<p>Evlin Arag\u00f3n\/Zona Roja.<\/p>\n\n\n\n<p>Oaxaca de Ju\u00e1rez, Oax., 26 de noviembre de 2020.- Integrantes del Movimiento de Unificaci\u00f3n y Lucha Triqui (MULT) demandaron a las autoridades federales, encabezadas por Andr\u00e9s Manuel L\u00f3pez Obrador, la instalaci\u00f3n inmediata de la mesa de paz en la naci\u00f3n triqui ante el clima de violencia que no cesa y que en las \u00faltimas horas cobr\u00f3 la vida de Maurilio Hern\u00e1ndez Mart\u00ednez, agente municipal de R\u00edo Metate Copala.<\/p>\n\n\n\n<p>As\u00ed mismo, que la Fiscal\u00eda General de la Rep\u00fablica (FGR) coadyuve con la justicia local en la investigaci\u00f3n de todos los asesinatos pol\u00edticos sucedidos en Oaxaca y que la Unidad de Inteligencia Financiera indague los recursos econ\u00f3mico de funcionarios y personaje pol\u00edticos que se le ha se\u00f1alado y ligado con la delincuencia.&nbsp;<\/p>\n\n\n\n<p>\u201cHoy m\u00e1s que nunca convocamos a todas y todos, a las organizaciones sociales democr\u00e1ticas, a quienes integran el Movimiento por la Transformaci\u00f3n de Oaxaca y a quienes simpaticen y militen en la Cuarta Transformaci\u00f3n de la Rep\u00fablica para demandar el derecho constitucional de participar de manera pac\u00edfica por el cambio verdadero\u201d, refirieron en un comunicado.&nbsp;<\/p>\n\n\n\n<p>De igual forma convocaron a la marcha que se realizar\u00e1 el pr\u00f3ximo s\u00e1bado 5 de diciembre del monumento a la Madre hacia el cerro del Fort\u00edn, para concluir en el z\u00f3calo de la ciudad de Oaxaca, la cual tendr\u00e1 como principal objetivo exigir justicia para naci\u00f3n triqui.&nbsp;<\/p>\n\n\n\n<p>Este mi\u00e9rcoles fue asesinado Maurilio Hern\u00e1ndez Mart\u00ednez e hirieron a otra persona, hechos acontecidos en el interior de un veh\u00edculo mientras cargaba combustible en una gasoliner\u00eda, a una cuadra de las instalaciones de la Fiscal\u00eda General, de la Secretar\u00eda de Seguridad P\u00fablica y de la Guardia Nacional, en Putla Villa de Guerrero.&nbsp;<\/p>\n\n\n\n<p>Al respecto denunciaron que personajes pol\u00edticos ligados a la delincuencia, caciques regionales y grupo de choque paramilitares siguen aliados para callar las voces de las comunidades ind\u00edgenas que piden, desde hace a\u00f1os, democracia, justicia, liberta y paz en la zona.&nbsp;<\/p>\n\n\n\n<p>\u201cLes interesa crear terror, miedo y la ingobernabilidad en Oaxaca, todo ello encaminado para saciar sus ambiciones de poder pol\u00edtico y de dinero en el proceso electoral que se aproxima, les molesta que hayamos cambiado nuestro objetivo estrat\u00e9gico de luchar solamente por la demanda social si no ahora pensamos que tenemos el derecho a que los mejores hombre y mujeres lleguen a gobernar Oaxaca\u201d, sentenciaron.<\/p>\n","protected":false},"excerpt":{"rendered":"<p>Evlin Arag\u00f3n\/Zona Roja. Oaxaca de Ju\u00e1rez, Oax., 26 de noviembre de 2020.- Integrantes del Movimiento&hellip;<\/p>\n","protected":false},"author":2,"featured_media":20549,"comment_status":"closed","ping_status":"open","sticky":false,"template":"","format":"standard","meta":{"_lmt_disableupdate":"","_lmt_disable":"","_jetpack_memberships_contains_paid_content":false,"footnotes":""},"categories":[109,47],"tags":[732],"class_list":["post-20548","post","type-post","status-publish","format-standard","has-post-thumbnail","hentry","category-minuto-a-minuto","category-zona-gris","tag-movimiento-de-unificacion-y-lucha-triqui"],"jetpack_featured_media_url":"https:\/\/zonaroja.com.mx\/wp-content\/uploads\/2020\/11\/ASesinato-MULT-Putla.jpeg","jetpack_sharing_enabled":true,"_links":{"self":[{"href":"https:\/\/zonaroja.com.mx\/index.php?rest_route=\/wp\/v2\/posts\/20548","targetHints":{"allow":["GET"]}}],"collection":[{"href":"https:\/\/zonaroja.com.mx\/index.php?rest_route=\/wp\/v2\/posts"}],"about":[{"href":"https:\/\/zonaroja.com.mx\/index.php?rest_route=\/wp\/v2\/types\/post"}],"author":[{"embeddable":true,"href":"https:\/\/zonaroja.com.mx\/index.php?rest_route=\/wp\/v2\/users\/2"}],"replies":[{"embeddable":true,"href":"https:\/\/zonaroja.com.mx\/index.php?rest_route=%2Fwp%2Fv2%2Fcomments&post=20548"}],"version-history":[{"count":2,"href":"https:\/\/zonaroja.com.mx\/index.php?rest_route=\/wp\/v2\/posts\/20548\/revisions"}],"predecessor-version":[{"id":20551,"href":"https:\/\/zonaroja.com.mx\/index.php?rest_route=\/wp\/v2\/posts\/20548\/revisions\/20551"}],"wp:featuredmedia":[{"embeddable":true,"href":"https:\/\/zonaroja.com.mx\/index.php?rest_route=\/wp\/v2\/media\/20549"}],"wp:attachment":[{"href":"https:\/\/zonaroja.com.mx\/index.php?rest_route=%2Fwp%2Fv2%2Fmedia&parent=20548"}],"wp:term":[{"taxonomy":"category","embeddable":true,"href":"https:\/\/zonaroja.com.mx\/index.php?rest_route=%2Fwp%2Fv2%2Fcategories&post=20548"},{"taxonomy":"post_tag","embeddable":true,"href":"https:\/\/zonaroja.com.mx\/index.php?rest_route=%2Fwp%2Fv2%2Ftags&post=20548"}],"curies":[{"name":"wp","href":"https:\/\/api.w.org\/{rel}","templated":true}]}}