{"id":20552,"date":"2020-11-26T19:04:16","date_gmt":"2020-11-27T01:04:16","guid":{"rendered":"http:\/\/www.zonaroja.com.mx\/?p=20552"},"modified":"2020-11-26T19:04:22","modified_gmt":"2020-11-27T01:04:22","slug":"jueves-rojo-asesinado-en-xadani-balazos-en-la-capital-ataque-armado-en-carretera","status":"publish","type":"post","link":"https:\/\/zonaroja.com.mx\/?p=20552","title":{"rendered":"Jueves rojo: asesinado en Xadani; balazos en la capital; ataque armado en carretera"},"content":{"rendered":"\n<p>Ismael Garc\u00eda M.\/Zona Roja.<\/p>\n\n\n\n<p>Oaxaca de Ju\u00e1rez, Oax., 27 de noviembre de 2020.- Una persona fue asesinada por disparos de arma de fuego en su domicilio, en Santa Mar\u00eda Xadani, municipio de la regi\u00f3n del Istmo de Tehuantepec, Oaxaca.<\/p>\n\n\n\n<p>Sujetos desconocidos ingresaron a la casa del ex comandante de la polic\u00eda municipal, Sa\u00fal L\u00f3pez, en la calle Morelos, y lo mataron, tras lo cual huyeron.<\/p>\n\n\n\n<p>Hasta el momento no hay pistas de los responsables del homicidio.<\/p>\n\n\n\n<figure class=\"wp-block-embed-twitter wp-block-embed is-type-rich is-provider-twitter\"><div class=\"wp-block-embed__wrapper\">\n<div class=\"twitter-tweet\"><blockquote class=\"twitter-tweet\" data-lang=\"es\"><p lang=\"es\" dir=\"ltr\"><a href=\"https:\/\/twitter.com\/hashtag\/%C3%9AltimoMinuto?src=hash&amp;ref_src=twsrc%5Etfw\">#\u00daltimoMinuto<\/a> <br>En\u00e9simo d\u00eda de violencia e inseguridad en <a href=\"https:\/\/twitter.com\/hashtag\/Oaxaca?src=hash&amp;ref_src=twsrc%5Etfw\">#Oaxaca<\/a> de Ju\u00e1rez; detonaciones de arma de fuego en la agencia de San Felipe del Agua; huyen autores de balazos, polic\u00edas resguardan la zona. Vecinos denuncian nula vigilancia por parte del <a href=\"https:\/\/twitter.com\/MunicipioOaxaca?ref_src=twsrc%5Etfw\">@MunicipioOaxaca<\/a> <a href=\"https:\/\/twitter.com\/oswaldogarciaj?ref_src=twsrc%5Etfw\">@oswaldogarciaj<\/a>. <a href=\"https:\/\/t.co\/OBunT054Xi\">pic.twitter.com\/OBunT054Xi<\/a><\/p>&mdash; Zona Roja Oaxaca (@MexRoja) <a href=\"https:\/\/twitter.com\/MexRoja\/status\/1332039514206965761?ref_src=twsrc%5Etfw\">26 de noviembre de 2020<\/a><\/blockquote><\/div>\n<\/div><\/figure>\n\n\n\n<p>Por otra parte, alrededor del mediod\u00eda en la ciudad de Oaxaca se suscit\u00f3 un enfrentamiento armado, sin que se reportaran personas lesionadas.<\/p>\n\n\n\n<p>Ocurri\u00f3 en la calle Manuel \u00c1lvarez Bravo de la agencia de San Felipe del Agua, al norte de la capital; polic\u00edas municipales arribaron tarde al lugar tras la llamada de auxilio; efectuaron patrullajes pero no han dado con los responsables de la agresi\u00f3n armada.<\/p>\n\n\n\n<p>A la vez, durante la ma\u00f1ana un transportista fue agredido a balazos, en un intento de asalto en el tramo de la supercarretera Oaxaca-Cuacnopalan, en jurisdicci\u00f3n de la regi\u00f3n Valles Centrales.<\/p>\n\n\n\n<figure class=\"wp-block-embed-twitter wp-block-embed is-type-rich is-provider-twitter\"><div class=\"wp-block-embed__wrapper\">\n<div class=\"twitter-tweet\"><blockquote class=\"twitter-tweet\" data-lang=\"es\"><p lang=\"es\" dir=\"ltr\"><a href=\"https:\/\/twitter.com\/hashtag\/%C3%9AltimoMinuto?src=hash&amp;ref_src=twsrc%5Etfw\">#\u00daltimoMinuto<\/a> <br>Un transportista y su acompa\u00f1ante fueron atacados a balazos hoy al intentar asaltarlos, en la carretera 190 Oaxaca-M\u00e9xico; la unidad se detuvo a la altura de la colonia La Joya, ciudad de <a href=\"https:\/\/twitter.com\/hashtag\/Oaxaca?src=hash&amp;ref_src=twsrc%5Etfw\">#Oaxaca<\/a>, en espera de atenci\u00f3n m\u00e9dica, que tard\u00f3 en llegar. <a href=\"https:\/\/t.co\/7nYB2nyqY0\">pic.twitter.com\/7nYB2nyqY0<\/a><\/p>&mdash; Zona Roja Oaxaca (@MexRoja) <a href=\"https:\/\/twitter.com\/MexRoja\/status\/1332008833871470596?ref_src=twsrc%5Etfw\">26 de noviembre de 2020<\/a><\/blockquote><\/div>\n<\/div><\/figure>\n\n\n\n<p>El conductor del cami\u00f3n de carga logr\u00f3 escapar de la agresi\u00f3n a balazos y se detuvo sobre la carretera federal 190, a la altura de la colonia La Joya de la agencia de Pueblo Nuevo, ciudad de Oaxaca.<\/p>\n\n\n\n<p>Personal de la Polic\u00eda Vial Estatal y de la Polic\u00eda Estatal auxiliaron al agredido, que fue trasladado en una ambulancia de la Cruz Roja a la ciudad, para su atenci\u00f3n m\u00e9dica; en este caso tampoco hay personas detenidas.<\/p>\n\n\n\n<p>El cami\u00f3n de carga tiene placas de circulaci\u00f3n RX 49-544 del estado de Oaxaca y presenta varios orificios en la puerta del conductor.<\/p>\n","protected":false},"excerpt":{"rendered":"<p>Ismael Garc\u00eda M.\/Zona Roja. Oaxaca de Ju\u00e1rez, Oax., 27 de noviembre de 2020.- Una persona&hellip;<\/p>\n","protected":false},"author":2,"featured_media":20553,"comment_status":"closed","ping_status":"open","sticky":false,"template":"","format":"standard","meta":{"_lmt_disableupdate":"","_lmt_disable":"","_jetpack_memberships_contains_paid_content":false,"footnotes":""},"categories":[109,51],"tags":[1296],"class_list":["post-20552","post","type-post","status-publish","format-standard","has-post-thumbnail","hentry","category-minuto-a-minuto","category-zona-roja","tag-santa-maria-xadani"],"jetpack_featured_media_url":"https:\/\/zonaroja.com.mx\/wp-content\/uploads\/2020\/11\/Ataque-a-balazos-San-Felipe.jpg","jetpack_sharing_enabled":true,"_links":{"self":[{"href":"https:\/\/zonaroja.com.mx\/index.php?rest_route=\/wp\/v2\/posts\/20552","targetHints":{"allow":["GET"]}}],"collection":[{"href":"https:\/\/zonaroja.com.mx\/index.php?rest_route=\/wp\/v2\/posts"}],"about":[{"href":"https:\/\/zonaroja.com.mx\/index.php?rest_route=\/wp\/v2\/types\/post"}],"author":[{"embeddable":true,"href":"https:\/\/zonaroja.com.mx\/index.php?rest_route=\/wp\/v2\/users\/2"}],"replies":[{"embeddable":true,"href":"https:\/\/zonaroja.com.mx\/index.php?rest_route=%2Fwp%2Fv2%2Fcomments&post=20552"}],"version-history":[{"count":1,"href":"https:\/\/zonaroja.com.mx\/index.php?rest_route=\/wp\/v2\/posts\/20552\/revisions"}],"predecessor-version":[{"id":20554,"href":"https:\/\/zonaroja.com.mx\/index.php?rest_route=\/wp\/v2\/posts\/20552\/revisions\/20554"}],"wp:featuredmedia":[{"embeddable":true,"href":"https:\/\/zonaroja.com.mx\/index.php?rest_route=\/wp\/v2\/media\/20553"}],"wp:attachment":[{"href":"https:\/\/zonaroja.com.mx\/index.php?rest_route=%2Fwp%2Fv2%2Fmedia&parent=20552"}],"wp:term":[{"taxonomy":"category","embeddable":true,"href":"https:\/\/zonaroja.com.mx\/index.php?rest_route=%2Fwp%2Fv2%2Fcategories&post=20552"},{"taxonomy":"post_tag","embeddable":true,"href":"https:\/\/zonaroja.com.mx\/index.php?rest_route=%2Fwp%2Fv2%2Ftags&post=20552"}],"curies":[{"name":"wp","href":"https:\/\/api.w.org\/{rel}","templated":true}]}}