{"id":20567,"date":"2020-11-27T07:02:28","date_gmt":"2020-11-27T13:02:28","guid":{"rendered":"http:\/\/www.zonaroja.com.mx\/?p=20567"},"modified":"2020-11-27T07:02:32","modified_gmt":"2020-11-27T13:02:32","slug":"aprueba-el-senado-mexicano-quitar-el-fuero-presidencial","status":"publish","type":"post","link":"https:\/\/zonaroja.com.mx\/?p=20567","title":{"rendered":"Aprueba el Senado mexicano quitar el fuero presidencial"},"content":{"rendered":"\n<p>Redacci\u00f3n\/Zona Roja Cdmx.<\/p>\n\n\n\n<p>Ciudad de M\u00e9xico, 27 de noviembre de 2020.- Por primera vez, un Presidente de la Rep\u00fablica en funciones podr\u00e1 ser acusado penalmente por todo tipo de il\u00edcitos como corrupci\u00f3n y delitos electorales, no s\u00f3lo por traici\u00f3n a la patria.<\/p>\n\n\n\n<p>Este jueves, el Senado aval\u00f3 con 88 votos en favor y 24 en contra, la reforma constitucional propuesta por el presidente Andr\u00e9s Manuel L\u00f3pez Obrador y fue enviada a los Congresos estatales para su validaci\u00f3n.<\/p>\n\n\n\n<p>Las y los senadores de Morena aseguraron que este cambio constitucional para ampliar las causales por las cuales un mandatario federal puede ser acusado penalmente, implica una eliminaci\u00f3n de la inmunidad procesal penal, conocida popularmente como fuero.<\/p>\n\n\n\n<p>Sin embargo, el PAN aclar\u00f3 que ampliar el cat\u00e1logo de delitos no significa eliminar el fuero ni tratar a un Presidente de la Rep\u00fablica como a cualquier ciudadano, pues un ciudadano es acusado ante el Ministerio P\u00fablico y va a los juzgados; el Presidente de la Rep\u00fablica ser\u00e1 acusado ante la C\u00e1mara de Diputados, \u00e9sta lo turnar\u00e1 al Senado y ser\u00e1 la mayor\u00eda en el Senado la que decida si desaparece o no la inmunidad, para que pueda ser procesado ministerialmente, precis\u00f3 Dami\u00e1n Zepeda.<\/p>\n\n\n\n<p>\u201cDice el Presidente que se va a quitar el fuero. Eso es completamente falso y no se vale que enga\u00f1emos as\u00ed a la gente. Dice el Presidente, en sus ma\u00f1aneras, y lo va a decir despu\u00e9s de que votemos esto, que se le va a poder procesar como a cualquier ciudadano. Yo renuncio a la senadur\u00eda si alguien me demuestra que el Presidente con este dictamen va a ser juzgado como cualquier ciudadano\u201d, ret\u00f3 Dami\u00e1n Zepeda y nadie tom\u00f3 el reto.<\/p>\n\n\n\n<p>Pero para la morenista Bertha Alicia Caraveo esta reforma pondr\u00e1 fin a la impunidad de la que gozaron los anteriores presidentes y puso de ejemplo el gobierno de Enrique Pe\u00f1a Nieto.<\/p>\n\n\n\n<p>La reforma constitucional, que necesita el voto de 17 Congresos estatales para ser una realidad, se concret\u00f3 porque Ricardo Monreal, coordinador de Morena, logr\u00f3 que el bloque opositor accediera a emprender una reforma paralela en torno a la inmunidad procesal de los legisladores federales, que tambi\u00e9n se aprob\u00f3 ayer.<\/p>\n\n\n\n<p>TRATO IGUAL<\/p>\n\n\n\n<p>Con un solo voto en contra, el Senado aval\u00f3 una reforma constitucional para que los 128 senadores y los 500 diputados federales puedan ser acusados por cualquier delito que cometan, a fin de que su inmunidad procesal penal est\u00e9 en las mismas condiciones que para el Presidente de la Rep\u00fablica.<\/p>\n\n\n\n<p>Desde la tribuna, los legisladores del PAN, PRI, Movimiento Ciudadano, Partido Verde y PRD aclararon que la reforma permite que los legisladores no sean una excepci\u00f3n en el trato penal, pero no se trata de la eliminaci\u00f3n del fuero, dado que deber\u00e1n ser sometidos al juicio de procedencia para responder ante las autoridades ministeriales.<\/p>\n\n\n\n<p>El verde ecologista Ra\u00fal Bola\u00f1os, aclar\u00f3 incluso que esta reforma, que es id\u00e9ntica a la aprobada para el caso del Presidente, no elimina la inmunidad procesal, conocida como fuero.<\/p>\n\n\n\n<p>Aprobada con 102 votos en favor, la reforma fue enviada a la C\u00e1mara de Diputados, donde el coordinador de los diputados de Morena, Ignacio Mier, se comprometi\u00f3 con Ricardo Monreal a respaldarla.<\/p>\n\n\n\n<p>(Informaci\u00f3n del diario \u201cExcelsior\u201d)<\/p>\n","protected":false},"excerpt":{"rendered":"<p>Redacci\u00f3n\/Zona Roja Cdmx. Ciudad de M\u00e9xico, 27 de noviembre de 2020.- Por primera vez, un&hellip;<\/p>\n","protected":false},"author":2,"featured_media":20568,"comment_status":"closed","ping_status":"open","sticky":false,"template":"","format":"standard","meta":{"_lmt_disableupdate":"","_lmt_disable":"","_jetpack_memberships_contains_paid_content":false,"footnotes":""},"categories":[109,46],"tags":[2252],"class_list":["post-20567","post","type-post","status-publish","format-standard","has-post-thumbnail","hentry","category-minuto-a-minuto","category-zona-blanca","tag-senado-fuero-presidencial"],"jetpack_featured_media_url":"https:\/\/zonaroja.com.mx\/wp-content\/uploads\/2020\/11\/Senado-fuero-presidencial.jpg","jetpack_sharing_enabled":true,"_links":{"self":[{"href":"https:\/\/zonaroja.com.mx\/index.php?rest_route=\/wp\/v2\/posts\/20567","targetHints":{"allow":["GET"]}}],"collection":[{"href":"https:\/\/zonaroja.com.mx\/index.php?rest_route=\/wp\/v2\/posts"}],"about":[{"href":"https:\/\/zonaroja.com.mx\/index.php?rest_route=\/wp\/v2\/types\/post"}],"author":[{"embeddable":true,"href":"https:\/\/zonaroja.com.mx\/index.php?rest_route=\/wp\/v2\/users\/2"}],"replies":[{"embeddable":true,"href":"https:\/\/zonaroja.com.mx\/index.php?rest_route=%2Fwp%2Fv2%2Fcomments&post=20567"}],"version-history":[{"count":1,"href":"https:\/\/zonaroja.com.mx\/index.php?rest_route=\/wp\/v2\/posts\/20567\/revisions"}],"predecessor-version":[{"id":20569,"href":"https:\/\/zonaroja.com.mx\/index.php?rest_route=\/wp\/v2\/posts\/20567\/revisions\/20569"}],"wp:featuredmedia":[{"embeddable":true,"href":"https:\/\/zonaroja.com.mx\/index.php?rest_route=\/wp\/v2\/media\/20568"}],"wp:attachment":[{"href":"https:\/\/zonaroja.com.mx\/index.php?rest_route=%2Fwp%2Fv2%2Fmedia&parent=20567"}],"wp:term":[{"taxonomy":"category","embeddable":true,"href":"https:\/\/zonaroja.com.mx\/index.php?rest_route=%2Fwp%2Fv2%2Fcategories&post=20567"},{"taxonomy":"post_tag","embeddable":true,"href":"https:\/\/zonaroja.com.mx\/index.php?rest_route=%2Fwp%2Fv2%2Ftags&post=20567"}],"curies":[{"name":"wp","href":"https:\/\/api.w.org\/{rel}","templated":true}]}}