{"id":2057,"date":"2019-07-06T08:26:39","date_gmt":"2019-07-06T13:26:39","guid":{"rendered":"http:\/\/www.zonaroja.com.mx\/?p=2057"},"modified":"2019-07-06T08:26:41","modified_gmt":"2019-07-06T13:26:41","slug":"oaxaca-en-decimo-lugar-nacional-por-feminicidios-inmujeres-y-smo","status":"publish","type":"post","link":"https:\/\/zonaroja.com.mx\/?p=2057","title":{"rendered":"Oaxaca en d\u00e9cimo lugar nacional por feminicidios: Inmujeres y SMO"},"content":{"rendered":"\n<p>Ismael\nGarc\u00eda M.<\/p>\n\n\n\n<p>Oaxaca de\nJu\u00e1rez, Oax., 6 de julio de 2019.- Autoridades estatales y federales\nreconocieron que Oaxaca ocupa el lugar n\u00famero 10 a nivel nacional por el n\u00famero\nde feminicidios, seg\u00fan cifras del a\u00f1o pasado. <\/p>\n\n\n\n<p>No obstante,\nde acuerdo con el Secretariado Ejecutivo del Sistema Nacional de Seguridad\nP\u00fablica, esta entidad se ubica este a\u00f1o en el lugar nueve por el n\u00famero de\nmujeres asesinadas, con 159 casos de enero a mayo.<\/p>\n\n\n\n<p>La Secretar\u00eda de las Mujeres Oaxaque\u00f1as (SMO) y el Instituto Nacional de las Mujeres (Inmujeres) coincidieron en que la situaci\u00f3n es preocupante y se comprometieron a redoblar esfuerzos a fin de evitar m\u00e1s v\u00edctimas de homicidios.<\/p>\n\n\n\n<figure class=\"wp-block-embed-twitter wp-block-embed is-type-rich is-provider-twitter\"><div class=\"wp-block-embed__wrapper\">\n<div class=\"twitter-tweet\"><blockquote class=\"twitter-tweet\" data-lang=\"es\"><p lang=\"es\" dir=\"ltr\"><a href=\"https:\/\/twitter.com\/hashtag\/OaxacaRojo?src=hash&amp;ref_src=twsrc%5Etfw\">#OaxacaRojo<\/a><br>Reconocen autoridades alto \u00edndice de <a href=\"https:\/\/twitter.com\/hashtag\/feminicidios?src=hash&amp;ref_src=twsrc%5Etfw\">#feminicidios<\/a>; la <a href=\"https:\/\/twitter.com\/SMO_GobOax?ref_src=twsrc%5Etfw\">@SMO_GobOax<\/a> y el <a href=\"https:\/\/twitter.com\/inmujeres?ref_src=twsrc%5Etfw\">@inmujeres<\/a> coinciden en que <a href=\"https:\/\/twitter.com\/hashtag\/Oaxaca?src=hash&amp;ref_src=twsrc%5Etfw\">#Oaxaca<\/a> ocupa el lugar 10 a nivel nacional por n\u00famero de mujeres asesinadas. <a href=\"https:\/\/twitter.com\/OCNF?ref_src=twsrc%5Etfw\">@OCNF<\/a> <a href=\"https:\/\/twitter.com\/consorciooaxaca?ref_src=twsrc%5Etfw\">@consorciooaxaca<\/a> <a href=\"https:\/\/twitter.com\/GES_Mujer?ref_src=twsrc%5Etfw\">@GES_Mujer<\/a> <a href=\"https:\/\/t.co\/Bn2nfWnWjP\">pic.twitter.com\/Bn2nfWnWjP<\/a><\/p>&mdash; Zona Roja Oaxaca (@MexRoja) <a href=\"https:\/\/twitter.com\/MexRoja\/status\/1147482692084219904?ref_src=twsrc%5Etfw\">6 de julio de 2019<\/a><\/blockquote><\/div>\n<\/div><\/figure>\n\n\n\n<p>La Alerta de\nG\u00e9nero es un instrumento para dar una respuesta coordinada, ordenada, de manera\ndirecta a la violencia contra las mujeres; en esta administraci\u00f3n estamos\nredise\u00f1ando el modelo de atenci\u00f3n y el papel que tienen las alertas\u201d, dijo Nadine\nGasman Zylbermann, titular del Inmujeres, en presencia del gobernador Alejandro\nMurat y la secretaria Ana V\u00e1squez Colmenares.<\/p>\n\n\n\n<p>Expuso que\nde acuerdo con el diagn\u00f3stico que tienen, los estados de la Rep\u00fablica acatan\nlas medidas para frenar la violencia, \u201calgunos m\u00e1s, algunos menos, es un\nmecanismo que ha funcionado para coordinar, para poner el tema en la opini\u00f3n\np\u00fablica, en la coordinaci\u00f3n de los gobiernos donde se han hecho inversiones<\/p>\n\n\n\n<p>Necesitamos\nseguir trabajando en ello y sobre todo trabajando en el sistema desde la\nprevenci\u00f3n, la atenci\u00f3n, la sanci\u00f3n, para atender la violencia y entender que\nlas Alertas son un instrumento\u201d, agreg\u00f3 la funcionaria del gobierno de Andr\u00e9s\nManuel L\u00f3pez Obrador.<\/p>\n\n\n\n<p>La titular\nde Inmujeres estuvo ayer en Oaxaca para inaugurar el foro \u00abProigualdad,\nMujeres trabajando juntas por la transformaci\u00f3n de M\u00e9xico\u00bb, como parte de\nla elaboraci\u00f3n del Programa Nacional para la Igualdad entre Mujeres y Hombres\n2019-2024.<\/p>\n","protected":false},"excerpt":{"rendered":"<p>Ismael Garc\u00eda M. Oaxaca de Ju\u00e1rez, Oax., 6 de julio de 2019.- Autoridades estatales y&hellip;<\/p>\n","protected":false},"author":2,"featured_media":2058,"comment_status":"closed","ping_status":"open","sticky":false,"template":"","format":"standard","meta":{"_lmt_disableupdate":"","_lmt_disable":"","_jetpack_memberships_contains_paid_content":false,"footnotes":""},"categories":[109,51],"tags":[97],"class_list":["post-2057","post","type-post","status-publish","format-standard","has-post-thumbnail","hentry","category-minuto-a-minuto","category-zona-roja","tag-feminicidios"],"jetpack_featured_media_url":"https:\/\/zonaroja.com.mx\/wp-content\/uploads\/2019\/07\/IMG_6256.jpg","jetpack_sharing_enabled":true,"_links":{"self":[{"href":"https:\/\/zonaroja.com.mx\/index.php?rest_route=\/wp\/v2\/posts\/2057","targetHints":{"allow":["GET"]}}],"collection":[{"href":"https:\/\/zonaroja.com.mx\/index.php?rest_route=\/wp\/v2\/posts"}],"about":[{"href":"https:\/\/zonaroja.com.mx\/index.php?rest_route=\/wp\/v2\/types\/post"}],"author":[{"embeddable":true,"href":"https:\/\/zonaroja.com.mx\/index.php?rest_route=\/wp\/v2\/users\/2"}],"replies":[{"embeddable":true,"href":"https:\/\/zonaroja.com.mx\/index.php?rest_route=%2Fwp%2Fv2%2Fcomments&post=2057"}],"version-history":[{"count":1,"href":"https:\/\/zonaroja.com.mx\/index.php?rest_route=\/wp\/v2\/posts\/2057\/revisions"}],"predecessor-version":[{"id":2059,"href":"https:\/\/zonaroja.com.mx\/index.php?rest_route=\/wp\/v2\/posts\/2057\/revisions\/2059"}],"wp:featuredmedia":[{"embeddable":true,"href":"https:\/\/zonaroja.com.mx\/index.php?rest_route=\/wp\/v2\/media\/2058"}],"wp:attachment":[{"href":"https:\/\/zonaroja.com.mx\/index.php?rest_route=%2Fwp%2Fv2%2Fmedia&parent=2057"}],"wp:term":[{"taxonomy":"category","embeddable":true,"href":"https:\/\/zonaroja.com.mx\/index.php?rest_route=%2Fwp%2Fv2%2Fcategories&post=2057"},{"taxonomy":"post_tag","embeddable":true,"href":"https:\/\/zonaroja.com.mx\/index.php?rest_route=%2Fwp%2Fv2%2Ftags&post=2057"}],"curies":[{"name":"wp","href":"https:\/\/api.w.org\/{rel}","templated":true}]}}