{"id":20573,"date":"2020-11-27T07:35:47","date_gmt":"2020-11-27T13:35:47","guid":{"rendered":"http:\/\/www.zonaroja.com.mx\/?p=20573"},"modified":"2020-11-27T07:35:50","modified_gmt":"2020-11-27T13:35:50","slug":"piden-disculpa-publica-de-oswaldo-jarquin-a-tianguistas-violentadas","status":"publish","type":"post","link":"https:\/\/zonaroja.com.mx\/?p=20573","title":{"rendered":"Piden disculpa p\u00fablica de Oswaldo Jarqu\u00edn a tianguistas violentadas"},"content":{"rendered":"\n<p>Evlin Arag\u00f3n\/Zona Roja.<\/p>\n\n\n\n<p>Oaxaca de Ju\u00e1rez, Oax., 27 de noviembre de 2020.- La Misi\u00f3n Civil de Observaci\u00f3n, conformada por las organizaciones Luna del sur, Servicios del Pueblo Mixe, Comit\u00e9 de Defensa Integral de Derechos Humanos Gobixha, Centro de Derechos Humanos \u201cBartolom\u00e9 Carrasco Brise\u00f1o\u201d y Avispa Midia, confirm\u00f3 que s\u00ed existi\u00f3 violaci\u00f3n a los derechos humanos de integrantes del Tianguis de Trueque Autogestivo y Disidente, cometida por elementos de la polic\u00eda municipal de Oaxaca de Ju\u00e1rez, el pasado 7 de noviembre.<\/p>\n\n\n\n<p>Por lo anterior, las agrupaciones demandaron al ayuntamiento de Oaxaca de Ju\u00e1rez, encabezado por Oswaldo Garc\u00eda Jarqu\u00edn, cumplir con las medidas cautelares impuestas por la Defensor\u00eda de Derechos Humanos y llevar a cabo una disculpa p\u00fablica, como primeros pasos en la construcci\u00f3n de un puente de legalidad, di\u00e1logo e integralidad en la atenci\u00f3n de esta situaci\u00f3n, en la que fueron afectadas principalmente mujeres y las ni\u00f1as.<\/p>\n\n\n\n<p>Y es que, de acuerdo con las organizaciones, la autoridad municipal no respet\u00f3 las medidas cautelares impuestas por la Defensor\u00eda de Derechos Humanos del Pueblo de Oaxaca (DDHPO), ya que hubo presencia policial durante la instalaci\u00f3n del tianguis que se llev\u00f3 a cabo una semana despu\u00e9s de la agresi\u00f3n, tal y como lo plasmaron en un informe realizado.&nbsp;&nbsp;<\/p>\n\n\n\n<p>De igual forma, evidenciaron que las autoridades municipales no han devuelto los objetos y art\u00edculos personales que les fueron sustra\u00eddos por la polic\u00eda, no han cubierto los gastos m\u00e9dicos por las lesiones provocadas a las v\u00edctimas que suman alrededor de 20 directas y otras m\u00e1s que resultaron afectadas.<\/p>\n\n\n\n<p>En el documento refieren que la autoridad tampoco ha retirado la publicidad criminalizante en contra de las personas del tianguis, mismas que han visto da\u00f1ada su imagen, sus libertades y su derecho a vivir libres de violencia por razones de sexo y g\u00e9nero.<\/p>\n\n\n\n<p>De ah\u00ed que exigen la reparaci\u00f3n del da\u00f1o y el respeto irrestricto a los derechos humano de las personas, particularmente de las mujeres.&nbsp;<\/p>\n\n\n\n<p>Fue el pasado 7 de noviembre que, con excesivo n\u00famero de elementos de la polic\u00eda, autoridades del municipio de Oaxaca de Ju\u00e1rez agredieron a un grupo de mujeres y feministas que hab\u00eda instalado un tianguis de trueque en la plazuela a espaldas de la Casa de Cultura Oaxaque\u00f1a, sobre la calle de Santos Degollado en el Centro Hist\u00f3rico.&nbsp;&nbsp;&nbsp;<\/p>\n\n\n\n<p>Ante la resistencia por parte de las mujeres, en su mayor\u00eda j\u00f3venes, de retirarse del lugar dado que no estaban cometiendo ning\u00fan delito, el n\u00famero de los elementos de la polic\u00eda creci\u00f3 hasta convertirse en decenas, quienes iniciaron la confrontaci\u00f3n de acuerdo con los testimonios.&nbsp;&nbsp;<\/p>\n\n\n\n<p>La acci\u00f3n fue cuestionada por decenas de organizaciones quienes pidieron castigo a los responsables, empezando por la destituci\u00f3n inmediata del director de Seguridad P\u00fablica, Vialidad y Protecci\u00f3n Ciudadana, Hermelindo Aquileo S\u00e1nchez Castellanos, de los polic\u00edas que golpearon a las j\u00f3venes, as\u00ed como de los inspectores municipales que agredieron y les robaron su mercanc\u00eda.&nbsp;&nbsp;<\/p>\n","protected":false},"excerpt":{"rendered":"<p>Evlin Arag\u00f3n\/Zona Roja. Oaxaca de Ju\u00e1rez, Oax., 27 de noviembre de 2020.- La Misi\u00f3n Civil&hellip;<\/p>\n","protected":false},"author":2,"featured_media":20574,"comment_status":"closed","ping_status":"open","sticky":false,"template":"","format":"standard","meta":{"_lmt_disableupdate":"","_lmt_disable":"","_jetpack_memberships_contains_paid_content":false,"footnotes":""},"categories":[109,47],"tags":[2184],"class_list":["post-20573","post","type-post","status-publish","format-standard","has-post-thumbnail","hentry","category-minuto-a-minuto","category-zona-gris","tag-tianguis-autogestivo-y-disidente-oaxaca"],"jetpack_featured_media_url":"https:\/\/zonaroja.com.mx\/wp-content\/uploads\/2020\/11\/Tianguis-Autogestivo.jpg","jetpack_sharing_enabled":true,"_links":{"self":[{"href":"https:\/\/zonaroja.com.mx\/index.php?rest_route=\/wp\/v2\/posts\/20573","targetHints":{"allow":["GET"]}}],"collection":[{"href":"https:\/\/zonaroja.com.mx\/index.php?rest_route=\/wp\/v2\/posts"}],"about":[{"href":"https:\/\/zonaroja.com.mx\/index.php?rest_route=\/wp\/v2\/types\/post"}],"author":[{"embeddable":true,"href":"https:\/\/zonaroja.com.mx\/index.php?rest_route=\/wp\/v2\/users\/2"}],"replies":[{"embeddable":true,"href":"https:\/\/zonaroja.com.mx\/index.php?rest_route=%2Fwp%2Fv2%2Fcomments&post=20573"}],"version-history":[{"count":1,"href":"https:\/\/zonaroja.com.mx\/index.php?rest_route=\/wp\/v2\/posts\/20573\/revisions"}],"predecessor-version":[{"id":20575,"href":"https:\/\/zonaroja.com.mx\/index.php?rest_route=\/wp\/v2\/posts\/20573\/revisions\/20575"}],"wp:featuredmedia":[{"embeddable":true,"href":"https:\/\/zonaroja.com.mx\/index.php?rest_route=\/wp\/v2\/media\/20574"}],"wp:attachment":[{"href":"https:\/\/zonaroja.com.mx\/index.php?rest_route=%2Fwp%2Fv2%2Fmedia&parent=20573"}],"wp:term":[{"taxonomy":"category","embeddable":true,"href":"https:\/\/zonaroja.com.mx\/index.php?rest_route=%2Fwp%2Fv2%2Fcategories&post=20573"},{"taxonomy":"post_tag","embeddable":true,"href":"https:\/\/zonaroja.com.mx\/index.php?rest_route=%2Fwp%2Fv2%2Ftags&post=20573"}],"curies":[{"name":"wp","href":"https:\/\/api.w.org\/{rel}","templated":true}]}}