{"id":20576,"date":"2020-11-27T07:44:38","date_gmt":"2020-11-27T13:44:38","guid":{"rendered":"http:\/\/www.zonaroja.com.mx\/?p=20576"},"modified":"2020-11-27T07:44:44","modified_gmt":"2020-11-27T13:44:44","slug":"familias-oaxaquenas-tambien-exigen-localizacion-de-sus-hombres","status":"publish","type":"post","link":"https:\/\/zonaroja.com.mx\/?p=20576","title":{"rendered":"Familias oaxaque\u00f1as tambi\u00e9n exigen localizaci\u00f3n de sus hombres"},"content":{"rendered":"\n<p>Yuridiana Sosa\/Zona Roja.<\/p>\n\n\n\n<p>Oaxaca de Ju\u00e1rez, Oax., 27 de noviembre de 2020.- La desaparici\u00f3n de j\u00f3venes varones y hombres en la entidad tambi\u00e9n es un problema de inseguridad e injusticia que padecen las familias oaxaque\u00f1as.<\/p>\n\n\n\n<p>De acuerdo con fichas difundidas por la Unidad de Personas Desaparecidas y No Localizadas, dependiente de la Fiscal\u00eda General del Estado, ocho hombres que fueron reportados en el mes de noviembre siguen desaparecidos.<\/p>\n\n\n\n<p>El reporte m\u00e1s reciente sobre una ficha de b\u00fasqueda es para localizar a Macario Garc\u00eda Mart\u00ednez, de 47 a\u00f1os, visto por \u00faltima vez el pasado d\u00eda 16 de noviembre, en la localidad El Vizaje, de San Lucas Zoqui\u00e1pam, de la regi\u00f3n Ca\u00f1ada. Sin embargo, apenas este 25 de noviembre se dio a conocer su caso.<\/p>\n\n\n\n<p>Desde hace cinco d\u00edas tambi\u00e9n se busca a Jos\u00e9 Emiliano Garc\u00eda Oseguera, de 21 a\u00f1os, de quien se perdi\u00f3 comunicaci\u00f3n desde el pasado 21 de noviembre tras ser visto por \u00faltima vez en la colonia Las Flores, San Juan Bautista Tuxtepec.<\/p>\n\n\n\n<p>Las autoridades emitieron una ficha para pedir a la poblaci\u00f3n su colaboraci\u00f3n para ubicar a Aristeo Silva C\u00e1ndido, de 39 a\u00f1os de edad, de quien se desconoce su paradero desde el 14 de noviembre, en prolongaci\u00f3n de Moctezuma, de la colonia Primera Ampliaci\u00f3n, Santa Cruz Xoxocotl\u00e1n.<\/p>\n\n\n\n<p>Los familiares de Higidio Tome Mazaba, 71 a\u00f1os, pidieron la ayuda de las autoridades para localizarlo, luego de ser visto desde el 13 de noviembre en el municipio de Loma Bonita.<\/p>\n\n\n\n<p>As\u00ed como para Manuel P\u00e9rez Cruz, de 85 a\u00f1os, de quien se desconoce su paradero desde el 16 de noviembre, tras ser visto en Santa Cecilia Jalieza, de Santo Tom\u00e1s Jalieza.<\/p>\n\n\n\n<p>Tambi\u00e9n se public\u00f3 la ficha de b\u00fasqueda para Antonio Hern\u00e1ndez Santiago, de 41 a\u00f1os, visto por \u00faltima vez el d\u00eda 14 de noviembre, en el centro de Santiago Tilantongo, Nochixtl\u00e1n, en la regi\u00f3n de la Mixteca.<\/p>\n\n\n\n<p>Roberto Chi\u00f1as Cardoza, de 17 a\u00f1os, tambi\u00e9n desapareci\u00f3 y aunque fue visto por \u00faltima vez desde el 24 de octubre, apenas el 7 de noviembre la DNOL public\u00f3 su ficha. El adolescente desapareci\u00f3 luego de ser visto en El Barrio Santa Mar\u00eda, de Santo Domingo Tehuantepec.<\/p>\n\n\n\n<p>Desde hace m\u00e1s de dos semanas tambi\u00e9n se busca al menor de edad, M\u00e1ximo Ben\u00edtez Ch\u00e1vez, de 14 a\u00f1os, visto por \u00faltima vez el d\u00eda 3 de noviembre en el paraje La Era, de Santa Mar\u00eda Atzompa, conurbado a la capital oaxaque\u00f1a.<\/p>\n\n\n\n<p>Sus familias tambi\u00e9n demandan a las autoridades su pronto localizaci\u00f3n con vida.<\/p>\n","protected":false},"excerpt":{"rendered":"<p>Yuridiana Sosa\/Zona Roja. Oaxaca de Ju\u00e1rez, Oax., 27 de noviembre de 2020.- La desaparici\u00f3n de&hellip;<\/p>\n","protected":false},"author":2,"featured_media":20577,"comment_status":"closed","ping_status":"open","sticky":false,"template":"","format":"standard","meta":{"_lmt_disableupdate":"","_lmt_disable":"","_jetpack_memberships_contains_paid_content":false,"footnotes":""},"categories":[109,47],"tags":[642],"class_list":["post-20576","post","type-post","status-publish","format-standard","has-post-thumbnail","hentry","category-minuto-a-minuto","category-zona-gris","tag-personas-desaparecidas-oaxaca"],"jetpack_featured_media_url":"https:\/\/zonaroja.com.mx\/wp-content\/uploads\/2020\/11\/Hombres-desaparecidos.jpg","jetpack_sharing_enabled":true,"_links":{"self":[{"href":"https:\/\/zonaroja.com.mx\/index.php?rest_route=\/wp\/v2\/posts\/20576","targetHints":{"allow":["GET"]}}],"collection":[{"href":"https:\/\/zonaroja.com.mx\/index.php?rest_route=\/wp\/v2\/posts"}],"about":[{"href":"https:\/\/zonaroja.com.mx\/index.php?rest_route=\/wp\/v2\/types\/post"}],"author":[{"embeddable":true,"href":"https:\/\/zonaroja.com.mx\/index.php?rest_route=\/wp\/v2\/users\/2"}],"replies":[{"embeddable":true,"href":"https:\/\/zonaroja.com.mx\/index.php?rest_route=%2Fwp%2Fv2%2Fcomments&post=20576"}],"version-history":[{"count":1,"href":"https:\/\/zonaroja.com.mx\/index.php?rest_route=\/wp\/v2\/posts\/20576\/revisions"}],"predecessor-version":[{"id":20578,"href":"https:\/\/zonaroja.com.mx\/index.php?rest_route=\/wp\/v2\/posts\/20576\/revisions\/20578"}],"wp:featuredmedia":[{"embeddable":true,"href":"https:\/\/zonaroja.com.mx\/index.php?rest_route=\/wp\/v2\/media\/20577"}],"wp:attachment":[{"href":"https:\/\/zonaroja.com.mx\/index.php?rest_route=%2Fwp%2Fv2%2Fmedia&parent=20576"}],"wp:term":[{"taxonomy":"category","embeddable":true,"href":"https:\/\/zonaroja.com.mx\/index.php?rest_route=%2Fwp%2Fv2%2Fcategories&post=20576"},{"taxonomy":"post_tag","embeddable":true,"href":"https:\/\/zonaroja.com.mx\/index.php?rest_route=%2Fwp%2Fv2%2Ftags&post=20576"}],"curies":[{"name":"wp","href":"https:\/\/api.w.org\/{rel}","templated":true}]}}