{"id":20579,"date":"2020-11-27T07:48:33","date_gmt":"2020-11-27T13:48:33","guid":{"rendered":"http:\/\/www.zonaroja.com.mx\/?p=20579"},"modified":"2020-11-27T07:48:36","modified_gmt":"2020-11-27T13:48:36","slug":"derecho-y-familia-los-nuevos-desafios-tema-de-curso-en-el-poder-judicial","status":"publish","type":"post","link":"https:\/\/zonaroja.com.mx\/?p=20579","title":{"rendered":"\u201cDerecho y familia, los nuevos desaf\u00edos\u201d tema de curso en el Poder Judicial"},"content":{"rendered":"\n<p>Redacci\u00f3n\/Zona Roja.<\/p>\n\n\n\n<p>Oaxaca de Ju\u00e1rez, Oax., 27 de noviembre de 2020.- Con el tema \u201cDerecho y familia, los nuevos desaf\u00edos\u201d, el Poder Judicial del Estado, a trav\u00e9s de la Escuela Judicial, inici\u00f3 un curso de actualizaci\u00f3n dirigido a servidores p\u00fablicos judiciales e impartido por reconocidos especialistas de la Academia Interamericana de Derechos Humanos (AIDH).<\/p>\n\n\n\n<p>Durante la capacitaci\u00f3n, que comprende ocho m\u00f3dulos en la modalidad a distancia, se analizan temas como el Concubinato y uniones familiares, la restituci\u00f3n internacional de ni\u00f1as, ni\u00f1os y adolescentes, la Constitucionalizaci\u00f3n del derecho a la familia y responsabilidad parental.<\/p>\n\n\n\n<p>En el primer m\u00f3dulo, Jos\u00e9 Antonio Estrada Mar\u00fan, investigador y director del Centro de Estudios para los Derechos Humanos de la AIDH, destac\u00f3 la importancia de que las y los servidores p\u00fablicos judiciales conozcan m\u00e1s de la parte multidisciplinar del derecho de familia.<\/p>\n\n\n\n<p>Ello, debido a las pruebas que se realizan en esa materia y su utilidad al momento de decidir, valorar y entender las realidades que les toca juzgar. \u201cEl tema de la familia es importante como aquella base organizativa de la sociedad\u201d, coment\u00f3.<\/p>\n\n\n\n<p>El especialista explic\u00f3 que las menciones a la familia, las alusiones de su importancia como formaci\u00f3n humana, componen parte de la Constituci\u00f3n; es decir, existe una constitucionalizaci\u00f3n del derecho de familia, porque se deja de manejar en el \u00e1mbito privado para colocarse en una esfera de la jurisdicci\u00f3n p\u00fablica.<\/p>\n\n\n\n<p>Agreg\u00f3 que los desaf\u00edos en torno al derecho de familia, son impulsados por dos ejes: la realidad social, un an\u00e1lisis del contexto de lo que hay, y el tema de los derechos humanos, desde su enfoque t\u00e9cnico constitucional, ya que, en ocasiones, \u00e9stos se pueden utilizar para justificar situaciones muy problem\u00e1ticas.<\/p>\n\n\n\n<p>El doctor Estrada Mar\u00fan precis\u00f3 que en la actualidad es importante sostener un di\u00e1logo sobre la regulaci\u00f3n que hay en relaci\u00f3n al entendimiento del matrimonio, concubinato y de otras uniones familiares, as\u00ed como hacer distinciones afines a cuestiones de matrimonio igualitario, regulaci\u00f3n de los derechos y la situaci\u00f3n jur\u00eddica que pueden tener otro tipo de relaciones de pareja que no son necesariamente entre hombre y mujer.<\/p>\n","protected":false},"excerpt":{"rendered":"<p>Redacci\u00f3n\/Zona Roja. Oaxaca de Ju\u00e1rez, Oax., 27 de noviembre de 2020.- Con el tema \u201cDerecho&hellip;<\/p>\n","protected":false},"author":2,"featured_media":20580,"comment_status":"closed","ping_status":"open","sticky":false,"template":"","format":"standard","meta":{"_lmt_disableupdate":"","_lmt_disable":"","_jetpack_memberships_contains_paid_content":false,"footnotes":""},"categories":[109,46],"tags":[223],"class_list":["post-20579","post","type-post","status-publish","format-standard","has-post-thumbnail","hentry","category-minuto-a-minuto","category-zona-blanca","tag-poder-judicial-de-oaxaca"],"jetpack_featured_media_url":"https:\/\/zonaroja.com.mx\/wp-content\/uploads\/2020\/11\/2-Curso-Derecho-y-familia.jpg","jetpack_sharing_enabled":true,"_links":{"self":[{"href":"https:\/\/zonaroja.com.mx\/index.php?rest_route=\/wp\/v2\/posts\/20579","targetHints":{"allow":["GET"]}}],"collection":[{"href":"https:\/\/zonaroja.com.mx\/index.php?rest_route=\/wp\/v2\/posts"}],"about":[{"href":"https:\/\/zonaroja.com.mx\/index.php?rest_route=\/wp\/v2\/types\/post"}],"author":[{"embeddable":true,"href":"https:\/\/zonaroja.com.mx\/index.php?rest_route=\/wp\/v2\/users\/2"}],"replies":[{"embeddable":true,"href":"https:\/\/zonaroja.com.mx\/index.php?rest_route=%2Fwp%2Fv2%2Fcomments&post=20579"}],"version-history":[{"count":1,"href":"https:\/\/zonaroja.com.mx\/index.php?rest_route=\/wp\/v2\/posts\/20579\/revisions"}],"predecessor-version":[{"id":20581,"href":"https:\/\/zonaroja.com.mx\/index.php?rest_route=\/wp\/v2\/posts\/20579\/revisions\/20581"}],"wp:featuredmedia":[{"embeddable":true,"href":"https:\/\/zonaroja.com.mx\/index.php?rest_route=\/wp\/v2\/media\/20580"}],"wp:attachment":[{"href":"https:\/\/zonaroja.com.mx\/index.php?rest_route=%2Fwp%2Fv2%2Fmedia&parent=20579"}],"wp:term":[{"taxonomy":"category","embeddable":true,"href":"https:\/\/zonaroja.com.mx\/index.php?rest_route=%2Fwp%2Fv2%2Fcategories&post=20579"},{"taxonomy":"post_tag","embeddable":true,"href":"https:\/\/zonaroja.com.mx\/index.php?rest_route=%2Fwp%2Fv2%2Ftags&post=20579"}],"curies":[{"name":"wp","href":"https:\/\/api.w.org\/{rel}","templated":true}]}}