{"id":20582,"date":"2020-11-27T14:45:38","date_gmt":"2020-11-27T20:45:38","guid":{"rendered":"http:\/\/www.zonaroja.com.mx\/?p=20582"},"modified":"2020-11-27T14:45:42","modified_gmt":"2020-11-27T20:45:42","slug":"atorado-en-ramas-en-chiltepec-hallaron-cuerpo-de-ahogado-en-la-cuenca","status":"publish","type":"post","link":"https:\/\/zonaroja.com.mx\/?p=20582","title":{"rendered":"Atorado en ramas, en Chiltepec, hallaron cuerpo de ahogado en la Cuenca"},"content":{"rendered":"\n<p>Yuridiana Sosa\/Zona Roja.<\/p>\n\n\n\n<p>San Juan Bautista Tuxtepec, Oax., 27 de noviembre de 2020.- Tras seis d\u00edas de b\u00fasqueda en el r\u00edo \u201cValle Nacional\u201d, poblaci\u00f3n y cuerpos de rescate de la delegaci\u00f3n regional de la Coordinaci\u00f3n Estatal de Protecci\u00f3n Civil en la Cuenca, localizaron hoy el cuerpo del se\u00f1or Juan Carlos Muriedas, de 65 a\u00f1os de edad.<\/p>\n\n\n\n<p>Los restos del adulto mayor fueron encontrados la ma\u00f1ana de este viernes entre ramas a orilla del mismo afluente, pero en la jurisdicci\u00f3n del municipio de San Jos\u00e9 Chiltepec, varios kil\u00f3metros r\u00edo abajo, de donde la lancha en la que viajaba volte\u00f3 y hundi\u00f3, en paraje \u201cSanta Sof\u00eda\u201d de Santa Mar\u00eda Jacatepec.<\/p>\n\n\n\n<p>Protecci\u00f3n Civil confirm\u00f3 el hallazgo del cuerpo del hombre reportado como desaparecido desde el s\u00e1bado, luego que la lancha en la que viajaba con otras cinco personas volte\u00f3 y se hundi\u00f3.<\/p>\n\n\n\n<p>Pobladores de la zona, expertos emp\u00edricos en buceo y pesca, ayudaron a las autoridades a recuperar el cuerpo atrapado entre ramas.<\/p>\n\n\n\n<p>Ayer jueves el Gobierno del Estado dispuso del uso de un helic\u00f3ptero para una b\u00fasqueda a\u00e9rea del todo el afluente del r\u00edo \u201cValle Nacional\u201d y r\u00edo \u201cPapaloapan\u201d. Sin que se dieran a conocer sobre resultados positivos para la localizaci\u00f3n.<\/p>\n\n\n\n<p>Mientras que las condiciones turbulentas y bajas temperaturas bajo el agua, hasta ayer jueves, no permit\u00edan el ingreso de buzos profesionales, indic\u00f3 la delegaci\u00f3n regional de Protecci\u00f3n Civil.<\/p>\n\n\n\n<p>Finalmente el cuerpo fue rescatado hoy durante la ma\u00f1ana y tras la respectiva necropsia de ley, ser\u00e1 entregado a sus familiares.<\/p>\n","protected":false},"excerpt":{"rendered":"<p>Yuridiana Sosa\/Zona Roja. San Juan Bautista Tuxtepec, Oax., 27 de noviembre de 2020.- Tras seis&hellip;<\/p>\n","protected":false},"author":2,"featured_media":20583,"comment_status":"closed","ping_status":"open","sticky":false,"template":"","format":"standard","meta":{"_lmt_disableupdate":"","_lmt_disable":"","_jetpack_memberships_contains_paid_content":false,"footnotes":""},"categories":[109,47],"tags":[2253],"class_list":["post-20582","post","type-post","status-publish","format-standard","has-post-thumbnail","hentry","category-minuto-a-minuto","category-zona-gris","tag-ahogado-rio-valle-nacional"],"jetpack_featured_media_url":"https:\/\/zonaroja.com.mx\/wp-content\/uploads\/2020\/11\/Busqueda-rio-Cuenca.jpg","jetpack_sharing_enabled":true,"_links":{"self":[{"href":"https:\/\/zonaroja.com.mx\/index.php?rest_route=\/wp\/v2\/posts\/20582","targetHints":{"allow":["GET"]}}],"collection":[{"href":"https:\/\/zonaroja.com.mx\/index.php?rest_route=\/wp\/v2\/posts"}],"about":[{"href":"https:\/\/zonaroja.com.mx\/index.php?rest_route=\/wp\/v2\/types\/post"}],"author":[{"embeddable":true,"href":"https:\/\/zonaroja.com.mx\/index.php?rest_route=\/wp\/v2\/users\/2"}],"replies":[{"embeddable":true,"href":"https:\/\/zonaroja.com.mx\/index.php?rest_route=%2Fwp%2Fv2%2Fcomments&post=20582"}],"version-history":[{"count":1,"href":"https:\/\/zonaroja.com.mx\/index.php?rest_route=\/wp\/v2\/posts\/20582\/revisions"}],"predecessor-version":[{"id":20584,"href":"https:\/\/zonaroja.com.mx\/index.php?rest_route=\/wp\/v2\/posts\/20582\/revisions\/20584"}],"wp:featuredmedia":[{"embeddable":true,"href":"https:\/\/zonaroja.com.mx\/index.php?rest_route=\/wp\/v2\/media\/20583"}],"wp:attachment":[{"href":"https:\/\/zonaroja.com.mx\/index.php?rest_route=%2Fwp%2Fv2%2Fmedia&parent=20582"}],"wp:term":[{"taxonomy":"category","embeddable":true,"href":"https:\/\/zonaroja.com.mx\/index.php?rest_route=%2Fwp%2Fv2%2Fcategories&post=20582"},{"taxonomy":"post_tag","embeddable":true,"href":"https:\/\/zonaroja.com.mx\/index.php?rest_route=%2Fwp%2Fv2%2Ftags&post=20582"}],"curies":[{"name":"wp","href":"https:\/\/api.w.org\/{rel}","templated":true}]}}