{"id":20585,"date":"2020-11-27T15:15:31","date_gmt":"2020-11-27T21:15:31","guid":{"rendered":"http:\/\/www.zonaroja.com.mx\/?p=20585"},"modified":"2020-11-27T15:59:16","modified_gmt":"2020-11-27T21:59:16","slug":"denuncian-mas-irregularidades-en-licitacion-de-secretaria-del-medio-ambiente","status":"publish","type":"post","link":"https:\/\/zonaroja.com.mx\/?p=20585","title":{"rendered":"Denuncian m\u00e1s irregularidades en licitaci\u00f3n de Secretar\u00eda del Medio Ambiente"},"content":{"rendered":"\n<p>Evlin Arag\u00f3n\/Zona Roja.<\/p>\n\n\n\n<p>Oaxaca de Ju\u00e1rez, Oax., 27 de noviembre de 2020.- El representante de la Barra de Abogados Ambientalistas Oaxaque\u00f1os (BAAO) denunci\u00f3 m\u00e1s irregularidades cometidas por la Secretar\u00eda del Medio Ambiente, Energ\u00edas y Desarrollo Sustentable (Semaedeso) en la adjudicaci\u00f3n de la obra de 24 centros de Verificaci\u00f3n Vehicular, en beneficio de la empresa Sociedad Ecol\u00f3gica Facio S.A. de C.V.<\/p>\n\n\n\n<p>En conferencia de prensa, el abogado Antonio Velasco Rom\u00e1n explic\u00f3 que existe un inter\u00e9s directo del titular de la dependencia Samuel Gurri\u00f3n Mat\u00edas o sus subalternos para beneficiar a dicha sociedad, que se conform\u00f3 en diciembre de 2019 y ya tiene trabajos avanzado en la construcci\u00f3n de un verificentro.\u00a0<\/p>\n\n\n\n<p>De forma detallada, expuso que la compa\u00f1\u00eda, representada por Nancy Facio Jim\u00e9nez y Luis Ignacio L\u00f3pez Facio, se constituy\u00f3 espec\u00edficamente bajo el objeto social de \u201cOperaci\u00f3n de verificaci\u00f3n en el estado de Oaxaca\u201d, lo cual llama la atenci\u00f3n ya que pareciera que fue creada exclusivamente para concursar en la convocatoria de la dependencia.&nbsp;<\/p>\n\n\n\n<p>As\u00ed mismo, manifest\u00f3 que el capital social de la empresa se constituy\u00f3 con la cantidad de 846 mil pesos, recurso del que tambi\u00e9n hace referencia la convocatoria al argumentar que el capital activo de las empresas debe ser justamente esa.&nbsp;<\/p>\n\n\n\n<figure class=\"wp-block-embed-twitter wp-block-embed is-type-rich is-provider-twitter\"><div class=\"wp-block-embed__wrapper\">\n<div class=\"twitter-tweet\"><blockquote class=\"twitter-tweet\" data-lang=\"es\"><p lang=\"es\" dir=\"ltr\"><a href=\"https:\/\/twitter.com\/hashtag\/ENVIVO?src=hash&amp;ref_src=twsrc%5Etfw\">#ENVIVO<\/a><br>Oaxaca de Ju\u00e1rez, Oax., 27 de noviembre de 2020.- Conferencia de prensa de la Barra de Abogados Ambientalistas Oaxaque\u00f1os (BAAO); denuncia m\u00e1s irregularidades en la <a href=\"https:\/\/twitter.com\/SEMAEDESO?ref_src=twsrc%5Etfw\">@SEMAEDESO<\/a> que preside <a href=\"https:\/\/twitter.com\/samygurrion?ref_src=twsrc%5Etfw\">@samygurrion<\/a>.<br><br>Aqu\u00ed la transmisi\u00f3n: \ud83d\udc47<a href=\"https:\/\/t.co\/5lxHPxEsAG\">https:\/\/t.co\/5lxHPxEsAG<\/a> <a href=\"https:\/\/t.co\/mbFNMMeLQQ\">pic.twitter.com\/mbFNMMeLQQ<\/a><\/p>&mdash; Zona Roja Oaxaca (@MexRoja) <a href=\"https:\/\/twitter.com\/MexRoja\/status\/1332356311430774784?ref_src=twsrc%5Etfw\">27 de noviembre de 2020<\/a><\/blockquote><\/div>\n<\/div><\/figure>\n\n\n\n<p>Y lo m\u00e1s inquietante es que de acuerdo con el Registro P\u00fablico de Comercio, la Sociedad Ecol\u00f3gica Facio S.A. de C.V. ya inici\u00f3 la construcci\u00f3n de lo que aparenta ser un centro de verificaci\u00f3n, en un predio ubicado en inmediaciones del municipio de Santa Mar\u00eda Coyotepec, lo cual aventajar\u00eda a las otras empresas y evidenciar\u00eda una concesi\u00f3n a modo.<\/p>\n\n\n\n<p>\u201cSi le dan entrada a la empresa, los indicios o sospechas ser\u00e1n ya una realidad. Estar\u00edamos ante un inter\u00e9s directo del titular de la Semaedeso o alguno de subalternos\u201d, dijo.&nbsp;<\/p>\n\n\n\n<p>Por lo anterior. Agreg\u00f3 que ya se encuentran realizando los mecanismos legales correspondientes, incluidos procedimientos ante la Secretar\u00eda de Contralor\u00eda y Transparencia Gubernamental, adem\u00e1s que revisaran si procede de manera penal la denuncia, a fin de que el tema ambiental y de calidad del aire no quede en segundo plano por el inter\u00e9s de unos cuantos.&nbsp;&nbsp;<\/p>\n\n\n\n<p>Adem\u00e1s, que pidieron descalificar a la empresa por incurrir en acciones sospechosas y a modo para beneficiarse con la convocatoria de la dependencia estatal.&nbsp;<\/p>\n\n\n\n<p>Dichas irregularidades nos son las \u00fanicas, ya que recientemente han detectado anomal\u00edas en la adquisici\u00f3n de 20 camiones recolectores de basura, los cuales presuntamente se adquirieron en empresas que no se dedican al ramo, por lo que ya se encuentran investigando.<\/p>\n","protected":false},"excerpt":{"rendered":"<p>Evlin Arag\u00f3n\/Zona Roja. Oaxaca de Ju\u00e1rez, Oax., 27 de noviembre de 2020.- El representante de&hellip;<\/p>\n","protected":false},"author":2,"featured_media":20586,"comment_status":"closed","ping_status":"open","sticky":false,"template":"","format":"standard","meta":{"_lmt_disableupdate":"","_lmt_disable":"","_jetpack_memberships_contains_paid_content":false,"footnotes":""},"categories":[109,47],"tags":[1933,1932],"class_list":["post-20585","post","type-post","status-publish","format-standard","has-post-thumbnail","hentry","category-minuto-a-minuto","category-zona-gris","tag-samuel-gurrion-matias-semaedeso","tag-secretaria-del-medio-ambiente"],"jetpack_featured_media_url":"https:\/\/zonaroja.com.mx\/wp-content\/uploads\/2020\/11\/Barra-de-Abogados-Ambientalistas.jpg","jetpack_sharing_enabled":true,"_links":{"self":[{"href":"https:\/\/zonaroja.com.mx\/index.php?rest_route=\/wp\/v2\/posts\/20585","targetHints":{"allow":["GET"]}}],"collection":[{"href":"https:\/\/zonaroja.com.mx\/index.php?rest_route=\/wp\/v2\/posts"}],"about":[{"href":"https:\/\/zonaroja.com.mx\/index.php?rest_route=\/wp\/v2\/types\/post"}],"author":[{"embeddable":true,"href":"https:\/\/zonaroja.com.mx\/index.php?rest_route=\/wp\/v2\/users\/2"}],"replies":[{"embeddable":true,"href":"https:\/\/zonaroja.com.mx\/index.php?rest_route=%2Fwp%2Fv2%2Fcomments&post=20585"}],"version-history":[{"count":2,"href":"https:\/\/zonaroja.com.mx\/index.php?rest_route=\/wp\/v2\/posts\/20585\/revisions"}],"predecessor-version":[{"id":20591,"href":"https:\/\/zonaroja.com.mx\/index.php?rest_route=\/wp\/v2\/posts\/20585\/revisions\/20591"}],"wp:featuredmedia":[{"embeddable":true,"href":"https:\/\/zonaroja.com.mx\/index.php?rest_route=\/wp\/v2\/media\/20586"}],"wp:attachment":[{"href":"https:\/\/zonaroja.com.mx\/index.php?rest_route=%2Fwp%2Fv2%2Fmedia&parent=20585"}],"wp:term":[{"taxonomy":"category","embeddable":true,"href":"https:\/\/zonaroja.com.mx\/index.php?rest_route=%2Fwp%2Fv2%2Fcategories&post=20585"},{"taxonomy":"post_tag","embeddable":true,"href":"https:\/\/zonaroja.com.mx\/index.php?rest_route=%2Fwp%2Fv2%2Ftags&post=20585"}],"curies":[{"name":"wp","href":"https:\/\/api.w.org\/{rel}","templated":true}]}}