{"id":20588,"date":"2020-11-27T15:53:37","date_gmt":"2020-11-27T21:53:37","guid":{"rendered":"http:\/\/www.zonaroja.com.mx\/?p=20588"},"modified":"2020-11-27T15:53:41","modified_gmt":"2020-11-27T21:53:41","slug":"oaxaca-ingobernable-de-inicio-a-fin-semana-de-protestas-este-viernes-otras-cinco","status":"publish","type":"post","link":"https:\/\/zonaroja.com.mx\/?p=20588","title":{"rendered":"Oaxaca ingobernable: de inicio a fin, semana de protestas; este viernes otras cinco"},"content":{"rendered":"\n<p>Yuridiana Sosa\/Zona Roja.<\/p>\n\n\n\n<p>Oaxaca de Ju\u00e1rez, Oax., 27 de noviembre de 2020.- Integrantes de sindicatos, organizaciones sociales, pobladores, normalistas y hasta personas sin identificarse, se manifestaron este viernes en diversos puntos de la regi\u00f3n de Valles Centrales e Istmo de Tehuantepec.<\/p>\n\n\n\n<p>Desde temprana hora, un grupo de ganaderos arrib\u00f3, hasta con chivos, a la capital oaxaque\u00f1a para protestar frente a Casa Oficial, en la avenida Ju\u00e1rez del Centro Hist\u00f3rico, en exigencia de apoyos por parte de la Secretar\u00eda de Desarrollo Agropecuario, Pesca y Acuacultura (Sedapa).<\/p>\n\n\n\n<p>Los manifestantes amagaron con sacrificar a los animales de no recibir atenci\u00f3n por parte del gobierno, de quien se\u00f1alan existe un completo abandono al sector, donde por lo menos por parte de la organizaci\u00f3n de Productores Unidos de la Verde Antequera son nueve mil, indic\u00f3 el presidente del grupo, Oscar Olvera.<\/p>\n\n\n\n<p>Luego de unas dos horas de protesta, arribaron autoridades de la Secretar\u00eda General de Gobierno para ofrecer una mesa de di\u00e1logo el pr\u00f3ximo lunes con los titulares de Segego, Francisco Garc\u00eda y de Sedapa, Gabriel Cu\u00e9 Navarro.<\/p>\n\n\n\n<figure class=\"wp-block-embed-twitter wp-block-embed is-type-rich is-provider-twitter\"><div class=\"wp-block-embed__wrapper\">\n<div class=\"twitter-tweet\"><blockquote class=\"twitter-tweet\" data-lang=\"es\"><p lang=\"es\" dir=\"ltr\"><a href=\"https:\/\/twitter.com\/hashtag\/ENVIVO?src=hash&amp;ref_src=twsrc%5Etfw\">#ENVIVO<\/a><br>Oaxaca de Ju\u00e1rez, Oax., 27 de noviembre de 2020.- Suspenden marcha de trabajadores afiliados a la Secci\u00f3n 35 del Sindicato Nacional de Trabajadores de la Secretar\u00eda de Salud. Hoy reuni\u00f3n con gobierno. <br>Aqu\u00ed transmisi\u00f3n: \ud83d\udc47<a href=\"https:\/\/t.co\/o2bIA4NZBe\">https:\/\/t.co\/o2bIA4NZBe<\/a> <a href=\"https:\/\/t.co\/9sfIOAMDEL\">pic.twitter.com\/9sfIOAMDEL<\/a><\/p>&mdash; Zona Roja Oaxaca (@MexRoja) <a href=\"https:\/\/twitter.com\/MexRoja\/status\/1332343642086797313?ref_src=twsrc%5Etfw\">27 de noviembre de 2020<\/a><\/blockquote><\/div>\n<\/div><\/figure>\n\n\n\n<p>SECTOR SALUD MANTIENE PARO<\/p>\n\n\n\n<p>A su vez, trabajadores afiliados a la Secci\u00f3n 35 del Sindicato Nacional de Trabajadores de la Secretar\u00eda de Salud (SNTSA) mantienen la \u201ctoma\u201d de oficinas administrativas de los Servicios de Salud de Oaxaca en todo el estado.<\/p>\n\n\n\n<p>La protesta, como parte de una asamblea permanente, incluye el cierre de oficinas en los hospitales y Jurisdicciones Sanitarias, para demandar la destituci\u00f3n del director de Administraci\u00f3n de los SSO, David Concha Su\u00e1rez por negar el pago de bonos de fin de a\u00f1o y pretender efectuarlos en febrero de 2021.<\/p>\n\n\n\n<p>Adicional a la toma de edificios de la Secretar\u00eda de Salud de Oaxaca, los sindicalizados tambi\u00e9n se apoderaron de las oficinas de Servicios de Administraci\u00f3n Tributaria (SAT) en el Centro Hist\u00f3rico, as\u00ed como de Catastro y la tesorer\u00eda municipal de Oaxaca de Ju\u00e1rez, como medida de presi\u00f3n.<\/p>\n\n\n\n<p>TOMA DE CASETA<\/p>\n\n\n\n<p>Por otra parte, estudiantes normalistas de Oaxaca llevaron a cabo la toma de la caseta de peaje de Huitzo, en la carretera internacional 190, donde pidieron cooperaci\u00f3n a los automovilistas a cambio del paso.<\/p>\n\n\n\n<p>Los j\u00f3venes arribaron a bordo de unidades del transporte urbano que desde la noche de este jueves y madrugada de este viernes tomaron. Posterior a los normalistas, se report\u00f3 que un grupo de personas, presuntos \u201cporros\u201d, tambi\u00e9n llegaron a la caseta para pedir dinero, sin que autoridades policiales intervinieran.<\/p>\n\n\n\n<p>BLOQUEO EN ISTMO<\/p>\n\n\n\n<p>Mientras tanto, habitantes de Juchit\u00e1n de Zaragoza, adheridos a la organizaci\u00f3n Coordinadora Democr\u00e1tica de Pueblos, instal\u00f3 un bloqueo en la carretera Trans\u00edstmica 185.<\/p>\n\n\n\n<p>Los inconformes puntualizan una serie de demandas que el Gobierno del Estado no ha atendido, entre estas, la reconstrucci\u00f3n por afectaciones del sismo de 2017, hasta las m\u00e1s recientes relacionadas a apoyos para enfrentar la contingencia de Covid-19.<\/p>\n\n\n\n<p>La afectaci\u00f3n carretera se registr\u00f3 por unas horas en los puntos de la carretera Trans\u00edstmica Juchit\u00e1n -La Ventosa y Juchit\u00e1n- Tehuantepec. Despu\u00e9s del mediod\u00eda retiraron los bloqueos, al instalarse mesas de di\u00e1logo.<\/p>\n","protected":false},"excerpt":{"rendered":"<p>Yuridiana Sosa\/Zona Roja. Oaxaca de Ju\u00e1rez, Oax., 27 de noviembre de 2020.- Integrantes de sindicatos,&hellip;<\/p>\n","protected":false},"author":2,"featured_media":20589,"comment_status":"closed","ping_status":"open","sticky":false,"template":"","format":"standard","meta":{"_lmt_disableupdate":"","_lmt_disable":"","_jetpack_memberships_contains_paid_content":false,"footnotes":""},"categories":[109,47],"tags":[2254],"class_list":["post-20588","post","type-post","status-publish","format-standard","has-post-thumbnail","hentry","category-minuto-a-minuto","category-zona-gris","tag-protestas-y-bloqueos-oaxaca"],"jetpack_featured_media_url":"https:\/\/zonaroja.com.mx\/wp-content\/uploads\/2020\/11\/Protestas-SSO.jpg","jetpack_sharing_enabled":true,"_links":{"self":[{"href":"https:\/\/zonaroja.com.mx\/index.php?rest_route=\/wp\/v2\/posts\/20588","targetHints":{"allow":["GET"]}}],"collection":[{"href":"https:\/\/zonaroja.com.mx\/index.php?rest_route=\/wp\/v2\/posts"}],"about":[{"href":"https:\/\/zonaroja.com.mx\/index.php?rest_route=\/wp\/v2\/types\/post"}],"author":[{"embeddable":true,"href":"https:\/\/zonaroja.com.mx\/index.php?rest_route=\/wp\/v2\/users\/2"}],"replies":[{"embeddable":true,"href":"https:\/\/zonaroja.com.mx\/index.php?rest_route=%2Fwp%2Fv2%2Fcomments&post=20588"}],"version-history":[{"count":1,"href":"https:\/\/zonaroja.com.mx\/index.php?rest_route=\/wp\/v2\/posts\/20588\/revisions"}],"predecessor-version":[{"id":20590,"href":"https:\/\/zonaroja.com.mx\/index.php?rest_route=\/wp\/v2\/posts\/20588\/revisions\/20590"}],"wp:featuredmedia":[{"embeddable":true,"href":"https:\/\/zonaroja.com.mx\/index.php?rest_route=\/wp\/v2\/media\/20589"}],"wp:attachment":[{"href":"https:\/\/zonaroja.com.mx\/index.php?rest_route=%2Fwp%2Fv2%2Fmedia&parent=20588"}],"wp:term":[{"taxonomy":"category","embeddable":true,"href":"https:\/\/zonaroja.com.mx\/index.php?rest_route=%2Fwp%2Fv2%2Fcategories&post=20588"},{"taxonomy":"post_tag","embeddable":true,"href":"https:\/\/zonaroja.com.mx\/index.php?rest_route=%2Fwp%2Fv2%2Ftags&post=20588"}],"curies":[{"name":"wp","href":"https:\/\/api.w.org\/{rel}","templated":true}]}}