{"id":20601,"date":"2020-11-27T21:06:08","date_gmt":"2020-11-28T03:06:08","guid":{"rendered":"http:\/\/www.zonaroja.com.mx\/?p=20601"},"modified":"2020-11-27T21:06:14","modified_gmt":"2020-11-28T03:06:14","slug":"asamblea-de-san-baltazar-loxicha-exige-justicia-por-agresiones-de-edil","status":"publish","type":"post","link":"https:\/\/zonaroja.com.mx\/?p=20601","title":{"rendered":"Asamblea de San Baltazar Loxicha exige justicia por agresiones de edil"},"content":{"rendered":"\n<p>Yuridiana Sosa\/Zona Roja.<\/p>\n\n\n\n<p>Oaxaca de Ju\u00e1rez, Oax., 27 de noviembre de 2020.- A m\u00e1s de tres semanas del asesinato de uno de sus pobladores, presuntamente por \u00f3rdenes de su presidente municipal, la comunidad de San Baltazar Loxicha acord\u00f3 en asamblea exigir a la Fiscal\u00eda General del Estado de Oaxaca la detenci\u00f3n inmediata de los autores materiales e intelectuales.<\/p>\n\n\n\n<p>As\u00ed tambi\u00e9n, acord\u00f3 un pronunciamiento de respaldo al l\u00edder social Flavio Sosa Villavicencio, contra quien, dijeron, el Gobierno del Estado ha comenzado una campa\u00f1a de difamaci\u00f3n para desacreditar la lucha que realiza por las comunidades.<\/p>\n\n\n\n<p>Este viernes por la tarde, la poblaci\u00f3n dio a conocer los acuerdos tomados en la plaza central de la comunidad.<\/p>\n\n\n\n<figure class=\"wp-block-embed-twitter wp-block-embed is-type-rich is-provider-twitter\"><div class=\"wp-block-embed__wrapper\">\n<div class=\"twitter-tweet\"><blockquote class=\"twitter-tweet\" data-lang=\"es\"><p lang=\"es\" dir=\"ltr\"><a href=\"https:\/\/twitter.com\/hashtag\/%C3%9AltimoMinuto?src=hash&amp;ref_src=twsrc%5Etfw\">#\u00daltimoMinuto<\/a> <br>Esta tarde, tras una asamblea, la comunidad de San Baltazar <a href=\"https:\/\/twitter.com\/hashtag\/Loxicha?src=hash&amp;ref_src=twsrc%5Etfw\">#Loxicha<\/a>, <a href=\"https:\/\/twitter.com\/hashtag\/Oaxaca?src=hash&amp;ref_src=twsrc%5Etfw\">#Oaxaca<\/a>, reiter\u00f3 su exigencia de justicia por el crimen Rodolfo D\u00edaz Jimenez. <br>Otorg\u00f3 tambi\u00e9n su respaldo al luchador social <a href=\"https:\/\/twitter.com\/flaviososavilla?ref_src=twsrc%5Etfw\">@flaviososavilla<\/a>, ante la campa\u00f1a oficial en su contra. <a href=\"https:\/\/t.co\/C5IWgwHkV3\">pic.twitter.com\/C5IWgwHkV3<\/a><\/p>&mdash; Zona Roja Oaxaca (@MexRoja) <a href=\"https:\/\/twitter.com\/MexRoja\/status\/1332492275205558273?ref_src=twsrc%5Etfw\">28 de noviembre de 2020<\/a><\/blockquote><\/div>\n<\/div><\/figure>\n\n\n\n<p>El punto principal es exigir justicia por su compa\u00f1ero y vecino Rodolfo D\u00edaz Jim\u00e9nez, asesinado el pasado 2 de noviembre, en el marco de una reuni\u00f3n por inconformidad contra el edil, Aten\u00f3genes Jim\u00e9nez Mart\u00ednez.<\/p>\n\n\n\n<p>Hasta el momento, apuntaron, la Fiscal\u00eda de Oaxaca no ha informado de avances sobre la investigaci\u00f3n del caso, pero, adem\u00e1s, existen amenazas de muerte contra los familiares del compa\u00f1ero asesinado.<\/p>\n\n\n\n<p>Apuntaron que tanto habitantes de la comunidad, como autoridades comunitarias, entre \u00e9stas de Bienes Comunales, reciben amenazas por parte del presidente municipal, quien fue desconocido desde hace varios meses por los habitantes, pues ha permitido la injerencia de Abraham L\u00f3pez Mart\u00ednez, presidente de San Pablo Coatl\u00e1n, relacionado con el PRI.<\/p>\n","protected":false},"excerpt":{"rendered":"<p>Yuridiana Sosa\/Zona Roja. Oaxaca de Ju\u00e1rez, Oax., 27 de noviembre de 2020.- A m\u00e1s de&hellip;<\/p>\n","protected":false},"author":2,"featured_media":19719,"comment_status":"closed","ping_status":"open","sticky":false,"template":"","format":"standard","meta":{"_lmt_disableupdate":"","_lmt_disable":"","_jetpack_memberships_contains_paid_content":false,"footnotes":""},"categories":[109,47],"tags":[1227],"class_list":["post-20601","post","type-post","status-publish","format-standard","has-post-thumbnail","hentry","category-minuto-a-minuto","category-zona-gris","tag-san-baltazar-loxicha"],"jetpack_featured_media_url":"https:\/\/zonaroja.com.mx\/wp-content\/uploads\/2020\/11\/San-Baltazar-Loxicha.png","jetpack_sharing_enabled":true,"_links":{"self":[{"href":"https:\/\/zonaroja.com.mx\/index.php?rest_route=\/wp\/v2\/posts\/20601","targetHints":{"allow":["GET"]}}],"collection":[{"href":"https:\/\/zonaroja.com.mx\/index.php?rest_route=\/wp\/v2\/posts"}],"about":[{"href":"https:\/\/zonaroja.com.mx\/index.php?rest_route=\/wp\/v2\/types\/post"}],"author":[{"embeddable":true,"href":"https:\/\/zonaroja.com.mx\/index.php?rest_route=\/wp\/v2\/users\/2"}],"replies":[{"embeddable":true,"href":"https:\/\/zonaroja.com.mx\/index.php?rest_route=%2Fwp%2Fv2%2Fcomments&post=20601"}],"version-history":[{"count":1,"href":"https:\/\/zonaroja.com.mx\/index.php?rest_route=\/wp\/v2\/posts\/20601\/revisions"}],"predecessor-version":[{"id":20602,"href":"https:\/\/zonaroja.com.mx\/index.php?rest_route=\/wp\/v2\/posts\/20601\/revisions\/20602"}],"wp:featuredmedia":[{"embeddable":true,"href":"https:\/\/zonaroja.com.mx\/index.php?rest_route=\/wp\/v2\/media\/19719"}],"wp:attachment":[{"href":"https:\/\/zonaroja.com.mx\/index.php?rest_route=%2Fwp%2Fv2%2Fmedia&parent=20601"}],"wp:term":[{"taxonomy":"category","embeddable":true,"href":"https:\/\/zonaroja.com.mx\/index.php?rest_route=%2Fwp%2Fv2%2Fcategories&post=20601"},{"taxonomy":"post_tag","embeddable":true,"href":"https:\/\/zonaroja.com.mx\/index.php?rest_route=%2Fwp%2Fv2%2Ftags&post=20601"}],"curies":[{"name":"wp","href":"https:\/\/api.w.org\/{rel}","templated":true}]}}