{"id":20603,"date":"2020-11-27T21:21:02","date_gmt":"2020-11-28T03:21:02","guid":{"rendered":"http:\/\/www.zonaroja.com.mx\/?p=20603"},"modified":"2020-11-28T07:15:36","modified_gmt":"2020-11-28T13:15:36","slug":"asi-fue-el-asalto-armado-en-oaxaca-capital-ante-ausencia-de-policias","status":"publish","type":"post","link":"https:\/\/zonaroja.com.mx\/?p=20603","title":{"rendered":"As\u00ed fue el asalto armado en Oaxaca capital, ante ausencia de polic\u00edas"},"content":{"rendered":"\n<p>Yuridiana Sosa\/Zona Roja.<\/p>\n\n\n\n<p>Oaxaca de Ju\u00e1rez, Oax., 28 de noviembre de 2020.- Bastaron 40 segundos para que el crimen se llevara a cabo en medio de disparos, a plena luz del d\u00eda, en lo que fue uno de los asentamientos residenciales m\u00e1s seguros de Oaxaca de Ju\u00e1rez.<\/p>\n\n\n\n<p>Este jueves se perpetr\u00f3 un asalto a mano armada en la calle Manuel \u00c1lvarez Bravo de San Felipe del Agua, al norte de la capital.<\/p>\n\n\n\n<p>Hasta no hace mucho, era de las zonas privilegiadas en seguridad, pero desde que inici\u00f3 el gobierno municipal de Oswaldo Garc\u00eda Jarqu\u00edn, sus habitantes se quejan de m\u00faltiples hechos delictivos.<\/p>\n\n\n\n<p>Videos de c\u00e1maras de seguridad, difundidos este viernes, dan cuenta que en s\u00f3lo 40 segundos se llev\u00f3 a cabo el atraco, entre disparos de armas de fuego por parte de los que presuntamente son seguridad privada del agraviado.<\/p>\n\n\n\n<p>Fue ayer alrededor del mediod\u00eda cuando una camioneta cerrada, se estacion\u00f3 frente a un domicilio con fachada de color blanco. De la unidad descienden dos hombres. Uno de ellos saca de la parte trasera una maleta, para dirigirse al acceso de la casa.<\/p>\n\n\n\n<figure class=\"wp-block-embed-twitter wp-block-embed is-type-rich is-provider-twitter\"><div class=\"wp-block-embed__wrapper\">\n<div class=\"twitter-tweet\"><blockquote class=\"twitter-tweet\" data-lang=\"es\"><p lang=\"es\" dir=\"ltr\"><a href=\"https:\/\/twitter.com\/hashtag\/OaxacaRojo?src=hash&amp;ref_src=twsrc%5Etfw\">#OaxacaRojo<\/a><br>Difunden videos acerca de los disparos de armas de fuego ayer en San Felipe del Agua, al norte de la capital de <a href=\"https:\/\/twitter.com\/hashtag\/Oaxaca?src=hash&amp;ref_src=twsrc%5Etfw\">#Oaxaca<\/a>. <br>Se trat\u00f3 de un asalto y pese a que las v\u00edctimas respondieron con disparos, los dos presuntos delincuentes huyeron. <a href=\"https:\/\/t.co\/cJNnwarKWk\">pic.twitter.com\/cJNnwarKWk<\/a><\/p>&mdash; Zona Roja Oaxaca (@MexRoja) <a href=\"https:\/\/twitter.com\/MexRoja\/status\/1332473302842011648?ref_src=twsrc%5Etfw\">27 de noviembre de 2020<\/a><\/blockquote><\/div>\n<\/div><\/figure>\n\n\n\n<p>Casi a la par un veh\u00edculo, al parecer tipo Jetta color negro, se estaciona metros adelante; de inmediato bajan dos hombres armados que corre con direcci\u00f3n a los que llegaron primero.<\/p>\n\n\n\n<p>Amagan a quien lleva la maleta, logrando quitarle el paquete cuando intentaba salvarse ingresando al domicilio.<\/p>\n\n\n\n<p>Luego de un breve forcejeo, los asaltantes corren a su unidad. Segundos despu\u00e9s, los supuestos guardias de seguridad reaccionan, uno de ellos dispara a los delincuentes en al menos cuatro ocasiones, mientras que al segundo elemento de seguridad se le traba el arma; no pudieron detener a los ladrones.<\/p>\n\n\n\n<p>Sobre estos hechos, las autoridades municipales de seguridad, ni las estatales han emitido informaci\u00f3n sobre alguna detenci\u00f3n por este crimen. \u00danicamente arribaron al lugar a realizar un acordonamiento y primeras indagatorias.<\/p>\n","protected":false},"excerpt":{"rendered":"<p>Yuridiana Sosa\/Zona Roja. Oaxaca de Ju\u00e1rez, Oax., 28 de noviembre de 2020.- Bastaron 40 segundos&hellip;<\/p>\n","protected":false},"author":2,"featured_media":20604,"comment_status":"closed","ping_status":"open","sticky":false,"template":"","format":"standard","meta":{"_lmt_disableupdate":"","_lmt_disable":"","_jetpack_memberships_contains_paid_content":false,"footnotes":""},"categories":[109,47],"tags":[2256],"class_list":["post-20603","post","type-post","status-publish","format-standard","has-post-thumbnail","hentry","category-minuto-a-minuto","category-zona-gris","tag-asalto-san-felipe-del-agua-oaxaca"],"jetpack_featured_media_url":"https:\/\/zonaroja.com.mx\/wp-content\/uploads\/2020\/11\/Asalto-San-Felipe.jpg","jetpack_sharing_enabled":true,"_links":{"self":[{"href":"https:\/\/zonaroja.com.mx\/index.php?rest_route=\/wp\/v2\/posts\/20603","targetHints":{"allow":["GET"]}}],"collection":[{"href":"https:\/\/zonaroja.com.mx\/index.php?rest_route=\/wp\/v2\/posts"}],"about":[{"href":"https:\/\/zonaroja.com.mx\/index.php?rest_route=\/wp\/v2\/types\/post"}],"author":[{"embeddable":true,"href":"https:\/\/zonaroja.com.mx\/index.php?rest_route=\/wp\/v2\/users\/2"}],"replies":[{"embeddable":true,"href":"https:\/\/zonaroja.com.mx\/index.php?rest_route=%2Fwp%2Fv2%2Fcomments&post=20603"}],"version-history":[{"count":2,"href":"https:\/\/zonaroja.com.mx\/index.php?rest_route=\/wp\/v2\/posts\/20603\/revisions"}],"predecessor-version":[{"id":20609,"href":"https:\/\/zonaroja.com.mx\/index.php?rest_route=\/wp\/v2\/posts\/20603\/revisions\/20609"}],"wp:featuredmedia":[{"embeddable":true,"href":"https:\/\/zonaroja.com.mx\/index.php?rest_route=\/wp\/v2\/media\/20604"}],"wp:attachment":[{"href":"https:\/\/zonaroja.com.mx\/index.php?rest_route=%2Fwp%2Fv2%2Fmedia&parent=20603"}],"wp:term":[{"taxonomy":"category","embeddable":true,"href":"https:\/\/zonaroja.com.mx\/index.php?rest_route=%2Fwp%2Fv2%2Fcategories&post=20603"},{"taxonomy":"post_tag","embeddable":true,"href":"https:\/\/zonaroja.com.mx\/index.php?rest_route=%2Fwp%2Fv2%2Ftags&post=20603"}],"curies":[{"name":"wp","href":"https:\/\/api.w.org\/{rel}","templated":true}]}}