{"id":20611,"date":"2020-11-28T08:30:24","date_gmt":"2020-11-28T14:30:24","guid":{"rendered":"http:\/\/www.zonaroja.com.mx\/?p=20611"},"modified":"2020-11-28T08:30:59","modified_gmt":"2020-11-28T14:30:59","slug":"presume-fiscalia-detencion-de-mp-por-probable-corrupcion-pero-antes-lo-premio","status":"publish","type":"post","link":"https:\/\/zonaroja.com.mx\/?p=20611","title":{"rendered":"Presume Fiscal\u00eda detenci\u00f3n de MP por probable corrupci\u00f3n\u2026 pero antes lo premi\u00f3"},"content":{"rendered":"\n<p>Ismael Garc\u00eda M.\/Zona Roja.<\/p>\n\n\n\n<p>Oaxaca de Ju\u00e1rez, Oax., 28 de noviembre de 2020.- La Fiscal\u00eda General del Estado de Oaxaca presumi\u00f3 el combate a la corrupci\u00f3n al interior de la instituci\u00f3n, al informar de la detenci\u00f3n de dos funcionarios.<\/p>\n\n\n\n<p>Sin embargo, uno de ellos fue reconocido \u201cpor su esfuerzo y dedicaci\u00f3n para procurar justicia a las y los oaxaque\u00f1os\u201d, en un acto en la Ciudad de M\u00e9xico en que estuvieron presentes el fiscal Rub\u00e9n Vasconcelos y la secretaria de Gobernaci\u00f3n, Olga S\u00e1nchez Cordero.<\/p>\n\n\n\n<p>\u201cLa Fiscal\u00eda General ejecut\u00f3 este d\u00eda orden de aprehensi\u00f3n contra un Agente del Ministerio P\u00fablico y un perito de la Instituci\u00f3n por probables actos de corrupci\u00f3n. No se protege ni se proteger\u00e1 a nadie que cometa actos que afecten la funci\u00f3n p\u00fablica y la procuraci\u00f3n de justicia\u201d, inform\u00f3 ayer a trav\u00e9s de un comunicado, sin dar m\u00e1s detalles.&nbsp;<\/p>\n\n\n\n<p>A ambos les fue ejecutada ayer por la tarde en San Juan Bautista Tuxtepec una orden de aprehensi\u00f3n con base en la causa penal 855\/220, por los probables delitos en contra de la administraci\u00f3n de la justicia, cohecho, intimidaci\u00f3n y abuso de funciones.<\/p>\n\n\n\n<p>Uno de ellos es el Ministerio P\u00fablico Ra\u00fal C. G., y presuntamente fue en agravio a Juan Miguel G. y de la sociedad; el detenido fue trasladado a la ciudad de Oaxaca, junto con el otro inculpado, a\u00fan no identificado.<\/p>\n\n\n\n<figure class=\"wp-block-image size-large\"><img decoding=\"async\" width=\"465\" height=\"819\" src=\"http:\/\/www.zonaroja.com.mx\/wp-content\/uploads\/2020\/11\/MP-detenido-y-reconocido.jpg\" alt=\"\" class=\"wp-image-20613\" srcset=\"https:\/\/zonaroja.com.mx\/wp-content\/uploads\/2020\/11\/MP-detenido-y-reconocido.jpg 465w, https:\/\/zonaroja.com.mx\/wp-content\/uploads\/2020\/11\/MP-detenido-y-reconocido-170x300.jpg 170w\" sizes=\"(max-width: 465px) 100vw, 465px\" \/><\/figure>\n\n\n\n<p>Fue el pasado 22 de octubre en la capital del pa\u00eds, en que la Fiscal\u00eda de Oaxaca encabez\u00f3 junto con la titular de la Gobernaci\u00f3n la entrega de reconocimientos en el marco del D\u00eda Nacional del Ministerio P\u00fablico, y donde se entreg\u00f3 una distinci\u00f3n a Ra\u00fal C. G.<\/p>\n\n\n\n<p>Seg\u00fan difundi\u00f3 la Fiscal\u00eda en un comunicado:<\/p>\n\n\n\n<p>\u201cS\u00e1nchez Cordero ponder\u00f3 la cruzada en procuraci\u00f3n de justicia impulsada en Oaxaca por la Fiscal\u00eda General y el Gobierno de Oaxaca. \u2018Una procuraci\u00f3n de justicia profesional, eficaz, comprometido, viendo de cara a la ciudadan\u00eda, respetando los derechos de los imputados, pero tambi\u00e9n viendo los derechos de las v\u00edctimas\u2019\u201d.<\/p>\n\n\n\n<p>\u201cY agreg\u00f3: \u2018Si todas las y los agentes del Ministerio del P\u00fablico del pa\u00eds estuvieran tan comprometidos como ustedes, M\u00e9xico ser\u00eda otro; M\u00e9xico cambiar\u00eda y podr\u00edamos abatir el crimen, donde se reconozca a M\u00e9xico como un pa\u00eds seguro, pujante y respetado en el mundo\u2019\u00bb.<\/p>\n\n\n\n<p>No obstante, la instituci\u00f3n de procuraci\u00f3n de justicia a\u00fan no ha explicado los criterios por los cuales seleccion\u00f3 a los galardonados.<\/p>\n","protected":false},"excerpt":{"rendered":"<p>Ismael Garc\u00eda M.\/Zona Roja. Oaxaca de Ju\u00e1rez, Oax., 28 de noviembre de 2020.- La Fiscal\u00eda&hellip;<\/p>\n","protected":false},"author":2,"featured_media":20612,"comment_status":"closed","ping_status":"open","sticky":false,"template":"","format":"standard","meta":{"_lmt_disableupdate":"","_lmt_disable":"","_jetpack_memberships_contains_paid_content":false,"footnotes":""},"categories":[47],"tags":[494],"class_list":["post-20611","post","type-post","status-publish","format-standard","has-post-thumbnail","hentry","category-zona-gris","tag-fiscalia-general-del-estado-de-oaxaca"],"jetpack_featured_media_url":"https:\/\/zonaroja.com.mx\/wp-content\/uploads\/2020\/11\/mp-Fiscalia.jpg","jetpack_sharing_enabled":true,"_links":{"self":[{"href":"https:\/\/zonaroja.com.mx\/index.php?rest_route=\/wp\/v2\/posts\/20611","targetHints":{"allow":["GET"]}}],"collection":[{"href":"https:\/\/zonaroja.com.mx\/index.php?rest_route=\/wp\/v2\/posts"}],"about":[{"href":"https:\/\/zonaroja.com.mx\/index.php?rest_route=\/wp\/v2\/types\/post"}],"author":[{"embeddable":true,"href":"https:\/\/zonaroja.com.mx\/index.php?rest_route=\/wp\/v2\/users\/2"}],"replies":[{"embeddable":true,"href":"https:\/\/zonaroja.com.mx\/index.php?rest_route=%2Fwp%2Fv2%2Fcomments&post=20611"}],"version-history":[{"count":2,"href":"https:\/\/zonaroja.com.mx\/index.php?rest_route=\/wp\/v2\/posts\/20611\/revisions"}],"predecessor-version":[{"id":20615,"href":"https:\/\/zonaroja.com.mx\/index.php?rest_route=\/wp\/v2\/posts\/20611\/revisions\/20615"}],"wp:featuredmedia":[{"embeddable":true,"href":"https:\/\/zonaroja.com.mx\/index.php?rest_route=\/wp\/v2\/media\/20612"}],"wp:attachment":[{"href":"https:\/\/zonaroja.com.mx\/index.php?rest_route=%2Fwp%2Fv2%2Fmedia&parent=20611"}],"wp:term":[{"taxonomy":"category","embeddable":true,"href":"https:\/\/zonaroja.com.mx\/index.php?rest_route=%2Fwp%2Fv2%2Fcategories&post=20611"},{"taxonomy":"post_tag","embeddable":true,"href":"https:\/\/zonaroja.com.mx\/index.php?rest_route=%2Fwp%2Fv2%2Ftags&post=20611"}],"curies":[{"name":"wp","href":"https:\/\/api.w.org\/{rel}","templated":true}]}}