{"id":20616,"date":"2020-11-28T10:35:13","date_gmt":"2020-11-28T16:35:13","guid":{"rendered":"http:\/\/www.zonaroja.com.mx\/?p=20616"},"modified":"2020-11-28T10:35:17","modified_gmt":"2020-11-28T16:35:17","slug":"la-religion-no-esta-peleada-con-el-aborto-catolicas-por-el-derecho-a-decidir","status":"publish","type":"post","link":"https:\/\/zonaroja.com.mx\/?p=20616","title":{"rendered":"La religi\u00f3n no est\u00e1 peleada con el aborto: Cat\u00f3licas por el Derecho a Decidir"},"content":{"rendered":"\n<p>Evlin Arag\u00f3n\/Zona Roja.<\/p>\n\n\n\n<p>Oaxaca de Ju\u00e1rez, Oax., 28 de noviembre de 2020.- \u201cGracias virgencita de la Soledad porque me acompa\u00f1aste en los momentos de angustia que viv\u00ed el d\u00eda que decid\u00ed interrumpir mi embarazo que fue consecuencia de una violaci\u00f3n. Cuando sal\u00ed del hospital me sent\u00ed tranquila estoy segura que me proteges con tu gran misericordia\u201d.&nbsp;<\/p>\n\n\n\n<p>\u201cCuando tome la decisi\u00f3n de interrumpir mi embarazo estaba llena de miedos y dudas, pero me encomend\u00e9 a ti virgencita de Guadalupe y s\u00e9 que nunca me dejar\u00edas sola, quien mejor que tu podr\u00eda entender la situaci\u00f3n por la que estaba pasando\u201d<\/p>\n\n\n\n<p>Son exvotos de Luisa y Teresa, mujeres oaxaque\u00f1as que han interrumpido un embarazo y que forman parte de la exposici\u00f3n virtual \u201cEntre la fe y la libertad\u201d, en el marco del 25 de noviembre, D\u00eda Mundial por la Erradicaci\u00f3n de todas las formas de Violencia contra las Mujeres.&nbsp;<\/p>\n\n\n\n<p>De acuerdo con integrantes del colectivo Cat\u00f3licas por el Derecho a Decidir, la religi\u00f3n no est\u00e1 peleada con el aborto, por el contrario, las mujeres que profesan la fe hacen uso de su libertad de conciencia al enfrentarse al dilema de interrumpir un embarazo y no por ello han sido excomulgadas de la Iglesia.<\/p>\n\n\n\n<p>Por ello, la organizaci\u00f3n se ha dado a la tarea de recoger testimonios, a manera de exvotos, de mujeres cat\u00f3licas de diferentes edades y estados de la Rep\u00fablica que han enfrentado embarazos no planeados y no deseados, mismos que hacen p\u00fablicos en una exposici\u00f3n que se presentar\u00e1 de manera itinerante en la Ciudad de Oaxaca comenzando con el espacio art\u00edstico Casa Rosa, ubicado en calle Segunda de la Mixteca 202, San Jos\u00e9 la Noria.<\/p>\n\n\n\n<p>En conferencia de prensa, explicaron que las mujeres son personas con autoridad moral, capaces de tomar decisiones de acuerdo con lo que consideran mejor y asumiendo en cada decisi\u00f3n su libertad y su responsabilidad, incluyendo la interrupci\u00f3n de un embarazo.&nbsp;<\/p>\n\n\n\n<p>Recordaron que en Oaxaca el acceso al aborto legal por voluntad de la mujer hasta la semana 12 de gestaci\u00f3n es una realidad; sin embargo, en la mayor\u00eda de los casos las mujeres no pueden acceder a opciones seguras debido a que no conocen este derecho y las legislaciones son restrictivas.<\/p>\n\n\n\n<p>Adem\u00e1s, las autoridades no difunden que el aborto es legal en ciertos casos u obstaculizan el acceso a este servicio debido a prejuicios personales, desconocimiento del tema, o los tr\u00e1mites burocr\u00e1ticos se convierten en una barrera.<\/p>\n\n\n\n<p>En torno a las cifras en la comunidad cat\u00f3lica manifestaron que el 60 por ciento de creyentes considera que la interrupci\u00f3n de un embarazo es un asunto que las mujeres deciden en conciencia sin la intermediaci\u00f3n de los sacerdotes y obispos; 74 por ciento de feligreses apoyar\u00eda a su Iglesia si \u00e9sta permite el aborto en algunas circunstancias; adem\u00e1s el 90 por ciento tiene claro que las leyes que permiten el aborto no obligan a ninguna mujer a interrumpir un embarazo.<\/p>\n\n\n\n<p>Datos que refieren que muchas mujeres y hombres cat\u00f3licos, especialmente j\u00f3venes, mantienen una relaci\u00f3n cada vez m\u00e1s cr\u00edtica con obispos y sacerdotes, confiri\u00e9ndoles autoridad s\u00f3lo en determinados \u00e1mbitos de su vida, mientras que en otros como la sexualidad defienden su libertad de conciencia y derecho a decidir sobre sus cuerpos.&nbsp;<\/p>\n\n\n\n<p>\u201cEstoy muy tranquila porque todo sali\u00f3 bien y sin ninguna complicaci\u00f3n en la interrupci\u00f3n de mi embarazo, ten\u00eda mucho miedo de que las cosas salieran mal, pero Dios me acompa\u00f1o\u201d.<\/p>\n\n\n\n<p>\u201cAbort\u00e9 voluntariamente mi primer embarazo porque a\u00fan no me sent\u00eda preparada para enfrentarlo, tiempo despu\u00e9s la virgencita de Juquila me bendijo con dos hijos y ahora soy muy feliz porque pude darle una vida digna. Gracia virgencita por bendecirme tanto\u201d.<\/p>\n\n\n\n<p>Son tambi\u00e9n los testimonios, presentados como exvotos por Susana de 20 a\u00f1os y Teresa de 50 a\u00f1os.&nbsp;<\/p>\n","protected":false},"excerpt":{"rendered":"<p>Evlin Arag\u00f3n\/Zona Roja. Oaxaca de Ju\u00e1rez, Oax., 28 de noviembre de 2020.- \u201cGracias virgencita de&hellip;<\/p>\n","protected":false},"author":2,"featured_media":20617,"comment_status":"closed","ping_status":"open","sticky":false,"template":"","format":"standard","meta":{"_lmt_disableupdate":"","_lmt_disable":"","_jetpack_memberships_contains_paid_content":false,"footnotes":""},"categories":[109,47],"tags":[2257],"class_list":["post-20616","post","type-post","status-publish","format-standard","has-post-thumbnail","hentry","category-minuto-a-minuto","category-zona-gris","tag-catolicas-por-el-derecho-a-decidir"],"jetpack_featured_media_url":"https:\/\/zonaroja.com.mx\/wp-content\/uploads\/2020\/11\/Catolicas-derecho-exvotos.jpg","jetpack_sharing_enabled":true,"_links":{"self":[{"href":"https:\/\/zonaroja.com.mx\/index.php?rest_route=\/wp\/v2\/posts\/20616","targetHints":{"allow":["GET"]}}],"collection":[{"href":"https:\/\/zonaroja.com.mx\/index.php?rest_route=\/wp\/v2\/posts"}],"about":[{"href":"https:\/\/zonaroja.com.mx\/index.php?rest_route=\/wp\/v2\/types\/post"}],"author":[{"embeddable":true,"href":"https:\/\/zonaroja.com.mx\/index.php?rest_route=\/wp\/v2\/users\/2"}],"replies":[{"embeddable":true,"href":"https:\/\/zonaroja.com.mx\/index.php?rest_route=%2Fwp%2Fv2%2Fcomments&post=20616"}],"version-history":[{"count":1,"href":"https:\/\/zonaroja.com.mx\/index.php?rest_route=\/wp\/v2\/posts\/20616\/revisions"}],"predecessor-version":[{"id":20618,"href":"https:\/\/zonaroja.com.mx\/index.php?rest_route=\/wp\/v2\/posts\/20616\/revisions\/20618"}],"wp:featuredmedia":[{"embeddable":true,"href":"https:\/\/zonaroja.com.mx\/index.php?rest_route=\/wp\/v2\/media\/20617"}],"wp:attachment":[{"href":"https:\/\/zonaroja.com.mx\/index.php?rest_route=%2Fwp%2Fv2%2Fmedia&parent=20616"}],"wp:term":[{"taxonomy":"category","embeddable":true,"href":"https:\/\/zonaroja.com.mx\/index.php?rest_route=%2Fwp%2Fv2%2Fcategories&post=20616"},{"taxonomy":"post_tag","embeddable":true,"href":"https:\/\/zonaroja.com.mx\/index.php?rest_route=%2Fwp%2Fv2%2Ftags&post=20616"}],"curies":[{"name":"wp","href":"https:\/\/api.w.org\/{rel}","templated":true}]}}