{"id":2062,"date":"2019-07-06T09:52:40","date_gmt":"2019-07-06T14:52:40","guid":{"rendered":"http:\/\/www.zonaroja.com.mx\/?p=2062"},"modified":"2019-07-06T09:52:42","modified_gmt":"2019-07-06T14:52:42","slug":"oaxaca-de-las-tres-entidades-con-mayor-pobreza-y-empleo-informal","status":"publish","type":"post","link":"https:\/\/zonaroja.com.mx\/?p=2062","title":{"rendered":"Oaxaca, de las tres entidades con mayor pobreza y empleo informal"},"content":{"rendered":"\n<p>Redacci\u00f3n<\/p>\n\n\n\n<p>Oaxaca de\nJu\u00e1rez, Oax., 6 de julio de 2019.- El estado de Oaxaca, junto con Guerrero y\nChiapas, destacan como las entidades con mayor empleo informal y con un nivel\nde pobreza elevado.<\/p>\n\n\n\n<p>En estos\nestados, s\u00f3lo dos de cada 10 trabajadores tienen un empleo formal&nbsp; y con ello acceso a prestaciones para ellos y\nsus familias, entre ellos servicios m\u00e9dicos y seguridad social y no hablar de\nprevisiones para su retiro.<\/p>\n\n\n\n<p>A nivel\nnacional, de acuerdo con un estudio que present\u00f3 ayer la Confederaci\u00f3n Patronal\nde la Rep\u00fablica Mexicana (Coparmex), el sector informal en el pa\u00eds aument\u00f3 en\nel primer trimestre del a\u00f1o, al pasar del 56.6% a 56.9% de la poblaci\u00f3n\nocupada.<\/p>\n\n\n\n<p>Asimismo, de\nacuerdo con el Consejo Nacional de Evaluaci\u00f3n de la Pol\u00edtica de Desarrollo\nSocial (Coneval), el porcentaje de la poblaci\u00f3n que se encuentra en una\nsituaci\u00f3n de pobreza es alta: Oaxaca (70.4%), Chiapas (77%) y en Guerrero\n(64.1%), indic\u00f3 su presidente, Gustavo de Hoyos.<\/p>\n\n\n\n<p>Contrario a\nello, las entidades donde se observa el crecimiento del empleo formal son:\nCoahuila (66.4%), Baja California (62.4%), Chihuahua (62.2%), Nuevo Le\u00f3n\n(62.1%), y Baja California Sur (61.8%). <\/p>\n\n\n\n<p>Destac\u00f3 que\nen estos estados un trabajador formal gana, en promedio, 30% m\u00e1s que un\ntrabajador informal.<\/p>\n","protected":false},"excerpt":{"rendered":"<p>Redacci\u00f3n Oaxaca de Ju\u00e1rez, Oax., 6 de julio de 2019.- El estado de Oaxaca, junto&hellip;<\/p>\n","protected":false},"author":2,"featured_media":2063,"comment_status":"closed","ping_status":"open","sticky":false,"template":"","format":"standard","meta":{"_lmt_disableupdate":"","_lmt_disable":"","_jetpack_memberships_contains_paid_content":false,"footnotes":""},"categories":[109,47],"tags":[58],"class_list":["post-2062","post","type-post","status-publish","format-standard","has-post-thumbnail","hentry","category-minuto-a-minuto","category-zona-gris","tag-oaxaca"],"jetpack_featured_media_url":"https:\/\/zonaroja.com.mx\/wp-content\/uploads\/2019\/07\/99d25146-1a56-4a1e-b188-ad21002ab89e.jpg","jetpack_sharing_enabled":true,"_links":{"self":[{"href":"https:\/\/zonaroja.com.mx\/index.php?rest_route=\/wp\/v2\/posts\/2062","targetHints":{"allow":["GET"]}}],"collection":[{"href":"https:\/\/zonaroja.com.mx\/index.php?rest_route=\/wp\/v2\/posts"}],"about":[{"href":"https:\/\/zonaroja.com.mx\/index.php?rest_route=\/wp\/v2\/types\/post"}],"author":[{"embeddable":true,"href":"https:\/\/zonaroja.com.mx\/index.php?rest_route=\/wp\/v2\/users\/2"}],"replies":[{"embeddable":true,"href":"https:\/\/zonaroja.com.mx\/index.php?rest_route=%2Fwp%2Fv2%2Fcomments&post=2062"}],"version-history":[{"count":1,"href":"https:\/\/zonaroja.com.mx\/index.php?rest_route=\/wp\/v2\/posts\/2062\/revisions"}],"predecessor-version":[{"id":2064,"href":"https:\/\/zonaroja.com.mx\/index.php?rest_route=\/wp\/v2\/posts\/2062\/revisions\/2064"}],"wp:featuredmedia":[{"embeddable":true,"href":"https:\/\/zonaroja.com.mx\/index.php?rest_route=\/wp\/v2\/media\/2063"}],"wp:attachment":[{"href":"https:\/\/zonaroja.com.mx\/index.php?rest_route=%2Fwp%2Fv2%2Fmedia&parent=2062"}],"wp:term":[{"taxonomy":"category","embeddable":true,"href":"https:\/\/zonaroja.com.mx\/index.php?rest_route=%2Fwp%2Fv2%2Fcategories&post=2062"},{"taxonomy":"post_tag","embeddable":true,"href":"https:\/\/zonaroja.com.mx\/index.php?rest_route=%2Fwp%2Fv2%2Ftags&post=2062"}],"curies":[{"name":"wp","href":"https:\/\/api.w.org\/{rel}","templated":true}]}}