{"id":20625,"date":"2020-11-28T13:48:27","date_gmt":"2020-11-28T19:48:27","guid":{"rendered":"http:\/\/www.zonaroja.com.mx\/?p=20625"},"modified":"2020-11-28T21:20:12","modified_gmt":"2020-11-29T03:20:12","slug":"centro-de-justicia-para-mujeres-debe-dejar-de-depender-de-fiscalia-activistas","status":"publish","type":"post","link":"https:\/\/zonaroja.com.mx\/?p=20625","title":{"rendered":"Centro de Justicia para Mujeres debe dejar de depender de Fiscal\u00eda: activistas"},"content":{"rendered":"\n<p>Evlin Arag\u00f3n\/Zona Roja.<\/p>\n\n\n\n<p>Oaxaca de Ju\u00e1rez, Oax., 28 de noviembre de 2020.- Integrantes del Observatorio Ciudadano de los Centros de Justicia para las Mujeres (Cejum) aseguraron que para que dichas instancias funcionen como han sido dise\u00f1adas, deben necesariamente dejar de depender de la Fiscal\u00eda General del Estado .&nbsp;<\/p>\n\n\n\n<p>As\u00ed lo dijo Yesica S\u00e1nchez Maya, en el marco de la presentaci\u00f3n del informe \u201cViolencia en Espera de Atenci\u00f3n\u201d, que llevaron a cabo las organizaciones que a nivel nacional conforman el observatorio ciudadano y que coinciden en las deficiencias al interior de dichos centros.&nbsp;<\/p>\n\n\n\n<p>Para la activista oaxaque\u00f1a, la falta de voluntad pol\u00edtica por parte del fiscal Rub\u00e9n Vasconcelos M\u00e9ndez ha mermado el funcionamiento del Cejum, que tiene como principal objetivo recibir a las mujeres que se han enfrentado a la violencia de g\u00e9nero y canalizarlas a las instancias correspondientes, asegur\u00e1ndose que reciban atenci\u00f3n integral.&nbsp;<\/p>\n\n\n\n<p>\u201cEs un error que el Centro de Justicia dependa de la Fiscal\u00eda porque el fiscal de Oaxaca tiene un enfoque obtuso en el sentido que considera que el Cejum es un ap\u00e9ndice de su dependencia y no lo mira como una instancia detonadora de generar condiciones de canalizaci\u00f3n a las mujeres v\u00edctimas de violencia\u201d, dijo.&nbsp;&nbsp;<\/p>\n\n\n\n<p>S\u00e1nchez Maya explic\u00f3 que la Fiscal\u00eda incluso se ha apropiado del espacio f\u00edsico del Cejum, lo cual ha propiciado que se concentre un mayor n\u00famero de personal -incluido el de la Fiscal\u00eda Especializada en Delitos contra la Mujer- que impide a las usuarias contar con un espacio digno para recibir atenci\u00f3n.&nbsp;<\/p>\n\n\n\n<p>Adem\u00e1s que han concentrado sus esfuerzos en tomar la denuncia en un af\u00e1n de incrementar los n\u00fameros, misma que ni siquiera integran bien y dan seguimiento, adem\u00e1s de dejar de lado la atenci\u00f3n integral a los casos de mujeres que se encuentra en riesgo de muerte incluso.&nbsp;<\/p>\n\n\n\n<p>\u201cEl Cejum no s\u00f3lo esta para recibir la denuncia penal, su creaci\u00f3n se deriv\u00f3 para atender de forma integral a las mujeres v\u00edctimas de violencia de g\u00e9nero, incluso para canalizarlas a otras \u00e1reas como el Registro Civil y el Servicio Estatal de Empleo\u201d, por citar algunas.&nbsp;<\/p>\n\n\n\n<p>De acuerdo con la especialista, tampoco existe un conocimiento pleno de la Perspectiva de G\u00e9nero en una instancia que tuvo su origen en ella, situaci\u00f3n que deriva en la revictimizaci\u00f3n de las mujeres y una falla estructural en el modelo de atenci\u00f3n, por lo que insisti\u00f3 en desvincular a la instancia de la Fiscal\u00eda.&nbsp;&nbsp;&nbsp;<\/p>\n\n\n\n<p>\u201cEs necesario sacar al Cejum de la Fiscal\u00eda porque el enfoque del fiscal es machista y est\u00e1 generando una serie de obst\u00e1culos para la implementaci\u00f3n del modelo de atenci\u00f3n integral a las v\u00edctimas de violencia de g\u00e9nero, que han incrementado de forma considerable, durante la pandemia\u201d, sentenci\u00f3.&nbsp;&nbsp;<\/p>\n","protected":false},"excerpt":{"rendered":"<p>Evlin Arag\u00f3n\/Zona Roja. Oaxaca de Ju\u00e1rez, Oax., 28 de noviembre de 2020.- Integrantes del Observatorio&hellip;<\/p>\n","protected":false},"author":2,"featured_media":20651,"comment_status":"closed","ping_status":"open","sticky":false,"template":"","format":"standard","meta":{"_lmt_disableupdate":"","_lmt_disable":"","_jetpack_memberships_contains_paid_content":false,"footnotes":""},"categories":[109,47],"tags":[2258],"class_list":["post-20625","post","type-post","status-publish","format-standard","has-post-thumbnail","hentry","category-minuto-a-minuto","category-zona-gris","tag-centro-de-justicia-para-las-mujeres-cejum"],"jetpack_featured_media_url":"https:\/\/zonaroja.com.mx\/wp-content\/uploads\/2020\/11\/Violencia-Cejum-Oaxaca.jpg","jetpack_sharing_enabled":true,"_links":{"self":[{"href":"https:\/\/zonaroja.com.mx\/index.php?rest_route=\/wp\/v2\/posts\/20625","targetHints":{"allow":["GET"]}}],"collection":[{"href":"https:\/\/zonaroja.com.mx\/index.php?rest_route=\/wp\/v2\/posts"}],"about":[{"href":"https:\/\/zonaroja.com.mx\/index.php?rest_route=\/wp\/v2\/types\/post"}],"author":[{"embeddable":true,"href":"https:\/\/zonaroja.com.mx\/index.php?rest_route=\/wp\/v2\/users\/2"}],"replies":[{"embeddable":true,"href":"https:\/\/zonaroja.com.mx\/index.php?rest_route=%2Fwp%2Fv2%2Fcomments&post=20625"}],"version-history":[{"count":2,"href":"https:\/\/zonaroja.com.mx\/index.php?rest_route=\/wp\/v2\/posts\/20625\/revisions"}],"predecessor-version":[{"id":20652,"href":"https:\/\/zonaroja.com.mx\/index.php?rest_route=\/wp\/v2\/posts\/20625\/revisions\/20652"}],"wp:featuredmedia":[{"embeddable":true,"href":"https:\/\/zonaroja.com.mx\/index.php?rest_route=\/wp\/v2\/media\/20651"}],"wp:attachment":[{"href":"https:\/\/zonaroja.com.mx\/index.php?rest_route=%2Fwp%2Fv2%2Fmedia&parent=20625"}],"wp:term":[{"taxonomy":"category","embeddable":true,"href":"https:\/\/zonaroja.com.mx\/index.php?rest_route=%2Fwp%2Fv2%2Fcategories&post=20625"},{"taxonomy":"post_tag","embeddable":true,"href":"https:\/\/zonaroja.com.mx\/index.php?rest_route=%2Fwp%2Fv2%2Ftags&post=20625"}],"curies":[{"name":"wp","href":"https:\/\/api.w.org\/{rel}","templated":true}]}}